{"id":6672,"date":"2019-08-09T19:05:48","date_gmt":"2019-08-09T17:05:48","guid":{"rendered":"https:\/\/centers.ulbsibiu.ro\/ccsprise\/lact\/?p=6672"},"modified":"2019-08-09T19:05:48","modified_gmt":"2019-08-09T17:05:48","slug":"noi-md-ucraina-s-a-interesat-cum-krasnoselski-a-obtinut-cetatenie-ucraineana","status":"publish","type":"post","link":"https:\/\/centers.ulbsibiu.ro\/ccsprise\/lact\/noi-md-ucraina-s-a-interesat-cum-krasnoselski-a-obtinut-cetatenie-ucraineana\/","title":{"rendered":"Noi.md &#8211; Ucraina s-a interesat cum Krasnoselski a ob\u021binut cet\u0103\u021benie ucrainean\u0103"},"content":{"rendered":"<p>Faptul c\u0103 pre\u0219edintele autoproclamatei RMN, Vadim Krasnoselski, de\u0163ine pa\u0219aport ucrainean poate complica rela\u021biile dintre Moldova \u0219i Ucraina, c\u0103ci Chi\u0219in\u0103ul nu a acordat cet\u0103\u021benie liderilor republicilor separatiste din Donbass.<\/p>\n<p>O asemenea opinie a fost exprimat\u0103 la postul de televiziune ucrainean ICTV de jurnalistul Iurii Ma\u0163arskii.<\/p>\n<p>Potrivit agen\u0163iei INFOTAG, el s-a interesat referitor la ce anume poate lega \u201ea\u0219a-numitele autorit\u0103\u021bi transnistrene cu partea corupt\u0103 a birocra\u021biei ucrainene\u201d, amintind c\u0103 Krasnoselski \u201ea mers deseori la Kiev \u0219i chiar a vrut s\u0103 deschid\u0103 acolo o reprezentan\u0163\u0103 oficial\u0103 a republicii nerecunoscute\u201d.<\/p>\n<p>\u201eExist\u0103 multe \u00eentreb\u0103ri incomode \u00een istoria lui Krasnoselski. Cine \u0219i pe ce baz\u0103 i-a acordat pa\u0219aport? De ce vine \u00een Ucraina? Cu cine se \u00eent\u00eelne\u0219te \u0219i negociaz\u0103 aici? Moldova poate solicita \u00een orice moment r\u0103spunsuri la aceste \u00eentreb\u0103ri. Chi\u0219in\u0103ul nu g\u0103zduie\u0219te lideri fal\u015fi ai republicilor false din Donbass, nu le acord\u0103 pa\u0219apoarte \u0219i nu discut\u0103 posibilitatea deschiderii reprezentan\u021belor. Regulile pentru rela\u021biile cu complicii ocupan\u021bilor \u0219i separati\u0219tii trebuie s\u0103 fie acelea\u0219i pentru to\u0163i\u201d, sus\u0163ine Ma\u0163arskii.<\/p>\n<p>El \u0219i-a exprimat nedumerirea \u015fi \u00een privin\u0163a faptului c\u0103 Krasnoselski \u201ep\u00een\u0103 nu demult se afla \u00een c\u0103utare \u00een Ucraina, dar dintr-un motiv misterios, a disp\u0103rut din liste cu pu\u021bin timp \u00eenainte de a fi ales pre\u0219edinte\u201d.<\/p>\n<p>Potrivit jurnalistului, Rusia a folosit \u00een repetate r\u00eenduri scenariul p\u0103str\u0103rii fostelor republici sovietice \u00een sfera sa de influen\u021b\u0103, folosit \u00een Transnistria de aproape 30 de ani, dar \u015fi deja \u00een Donbass.<\/p>\n<p>Cite\u0219te mai mult: <a href=\"https:\/\/noi.md\/md\/politica\/ucraina-s-a-interesat-cum-krasnoselski-a-obtinut-cetatenie-ucraineana\">https:\/\/noi.md\/md\/politica\/ucraina-s-a-interesat-cum-krasnoselski-a-obtinut-cetatenie-ucraineana<\/a><br \/>\nFacebook: <a href=\"https:\/\/www.facebook.com\/NOI.md\/\">NOI.md<\/a> | Odnoklassniki: <a href=\"https:\/\/www.ok.ru\/noi.moldova\">Noi.Moldova<\/a><\/p>\n","protected":false},"excerpt":{"rendered":"<p>Faptul c\u0103 pre\u0219edintele autoproclamatei RMN, Vadim Krasnoselski, de\u0163ine pa\u0219aport ucrainean poate complica rela\u021biile dintre Moldova \u0219i Ucraina, c\u0103ci Chi\u0219in\u0103ul nu a acordat cet\u0103\u021benie liderilor republicilor separatiste din Donbass. O asemenea opinie a fost exprimat\u0103 la postul de televiziune ucrainean ICTV de jurnalistul Iurii Ma\u0163arskii. Potrivit agen\u0163iei INFOTAG, el s-a interesat referitor la ce anume poate&#8230;<\/p>\n","protected":false},"author":2,"featured_media":0,"comment_status":"closed","ping_status":"open","sticky":false,"template":"","format":"standard","meta":[],"categories":[1],"tags":[],"_links":{"self":[{"href":"https:\/\/centers.ulbsibiu.ro\/ccsprise\/lact\/wp-json\/wp\/v2\/posts\/6672"}],"collection":[{"href":"https:\/\/centers.ulbsibiu.ro\/ccsprise\/lact\/wp-json\/wp\/v2\/posts"}],"about":[{"href":"https:\/\/centers.ulbsibiu.ro\/ccsprise\/lact\/wp-json\/wp\/v2\/types\/post"}],"author":[{"embeddable":true,"href":"https:\/\/centers.ulbsibiu.ro\/ccsprise\/lact\/wp-json\/wp\/v2\/users\/2"}],"replies":[{"embeddable":true,"href":"https:\/\/centers.ulbsibiu.ro\/ccsprise\/lact\/wp-json\/wp\/v2\/comments?post=6672"}],"version-history":[{"count":1,"href":"https:\/\/centers.ulbsibiu.ro\/ccsprise\/lact\/wp-json\/wp\/v2\/posts\/6672\/revisions"}],"predecessor-version":[{"id":6673,"href":"https:\/\/centers.ulbsibiu.ro\/ccsprise\/lact\/wp-json\/wp\/v2\/posts\/6672\/revisions\/6673"}],"wp:attachment":[{"href":"https:\/\/centers.ulbsibiu.ro\/ccsprise\/lact\/wp-json\/wp\/v2\/media?parent=6672"}],"wp:term":[{"taxonomy":"category","embeddable":true,"href":"https:\/\/centers.ulbsibiu.ro\/ccsprise\/lact\/wp-json\/wp\/v2\/categories?post=6672"},{"taxonomy":"post_tag","embeddable":true,"href":"https:\/\/centers.ulbsibiu.ro\/ccsprise\/lact\/wp-json\/wp\/v2\/tags?post=6672"}],"curies":[{"name":"wp","href":"https:\/\/api.w.org\/{rel}","templated":true}]}}