{"id":6362,"date":"2019-05-28T18:27:00","date_gmt":"2019-05-28T16:27:00","guid":{"rendered":"https:\/\/centers.ulbsibiu.ro\/ccsprise\/lact\/?p=6362"},"modified":"2019-05-28T18:27:00","modified_gmt":"2019-05-28T16:27:00","slug":"infotag-md-liderul-national-bolsevicilor-din-rusia-eduard-limonov-este-dezamagit-ca-transnistria-si-a-pierdut-potentialul-revolutionar","status":"publish","type":"post","link":"https:\/\/centers.ulbsibiu.ro\/ccsprise\/lact\/infotag-md-liderul-national-bolsevicilor-din-rusia-eduard-limonov-este-dezamagit-ca-transnistria-si-a-pierdut-potentialul-revolutionar\/","title":{"rendered":"Infotag.md &#8211; LIDERUL NA\u0162IONAL-BOL\u015eEVICILOR DIN RUSIA, EDUARD LIMONOV, ESTE DEZAM\u0102GIT C\u0102 TRANSNISTRIA \u015eI-A PIERDUT \u201ePOTEN\u0162IALUL REVOLU\u0162IONAR\u201d"},"content":{"rendered":"<p>Ideologul Partidului Na\u0163ional Bol\u015fevic, interzis \u00een Rusia, scriitorul Eduard Limonov, \u015fi-a exprimat dezam\u0103girea c\u0103 Transnistria \u015fi-a pierdut poten\u0163ialul revolu\u0163ionar, tem\u00e2ndu-se c\u0103 aceea\u015fi soart\u0103 le a\u015fteapt\u0103 pe republicile autoproclamate din estul Ucrainei.<\/p>\n<p>Potrivit agen\u0163iei INFOTAG, despre aceasta el a declarat la \u015fedin\u0163a deschis\u0103 a partidului ne\u00eenregistrat \u201eDrugaia Rossia\u201d (\u201eAlt\u0103 Rusie\u201d), amintind c\u0103, acum 26 de ani, Rusia spera c\u0103 \u201eRepublica Moldoveneasc\u0103 Nistrean\u0103 va deveni o ramp\u0103 de lansare pentru schimb\u0103ri \u00een Federa\u021bia Rus\u0103 \u00eens\u0103\u0219i, nu neap\u0103rat vreo baz\u0103 militar\u0103 sau altceva, ci un teritoriu care, de exemplu, prime\u0219te oameni \u0219i a\u0219a mai departe\u201d.<\/p>\n<p>\u201eDar ei nu ne-au justificat speran\u021bele \u015fi vorbesc nu doar de partidul na\u021bional bol\u0219evic. \u00cen general, opozi\u021bia rus\u0103 a sperat c\u0103 Transnistria \u00ee\u015fi va \u00eenainta mai ferm cerin\u0163ele. Ei \u00eens\u0103 s-au ocupat de explorarea spa\u021biului de acolo, de fel de fel de afaceri \u0219i a\u0219a mai departe. Pe scurt, acolo nu a mai r\u0103mas nimic revolu\u021bionar. \u015ei iat\u0103 c\u0103 ei dus o via\u021b\u0103 mizerabil\u0103 de 26 de ani. Am fost acolo \u00een 1992, c\u00e2nd era r\u0103zboi, am \u00eenc\u0103 multe rela\u0163ii, dar eu nu vreau s\u0103 fiu cu ei, ei s-au ucis unul pe altul, au murit mul\u021bi, dar nu au justificat a\u0219tept\u0103rile\u201d, a subliniat Limonov.<\/p>\n<p>El \u0219i-a exprimat regretul c\u0103 acela\u0219i proces se atest\u0103 acum \u00een Lugansk \u0219i Done\u0163k.<\/p>\n<p>\u201eAici e influen\u0163a Moscovei, c\u0103reia \u00eei convine aceast\u0103 stare de lucruri, deoarece Moscova se teme c\u0103 bacilii revolu\u021bionismului vor trece de acolo \u00een Rusia. Mai \u00eent\u00e2i se temeau c\u0103 va trece din RMN, iar acum le este team\u0103 c\u0103 va trece de la RPD \u0219i RPL, de\u0219i acolo nu mai sunt deja niciun fel de bacili. Adic\u0103 acolo s-a instaurat birocra\u021bia rus\u0103, au venit consilieri gra\u0219i, au venit func\u0163ionari. Nu am v\u0103zut acolo pe niciun Che Guevara. Dar vedem aceia\u0219i oameni \u00eengrozitori pe care \u00eei vedem \u015fi \u00een Rusia\u201d, a men\u021bionat Limonov.<\/p>\n<p>Sursa:\u00a0<a href=\"http:\/\/www.infotag.md\/rebelion-ro\/276073\/\">http:\/\/www.infotag.md\/<\/a><\/p>\n","protected":false},"excerpt":{"rendered":"<p>Ideologul Partidului Na\u0163ional Bol\u015fevic, interzis \u00een Rusia, scriitorul Eduard Limonov, \u015fi-a exprimat dezam\u0103girea c\u0103 Transnistria \u015fi-a pierdut poten\u0163ialul revolu\u0163ionar, tem\u00e2ndu-se c\u0103 aceea\u015fi soart\u0103 le a\u015fteapt\u0103 pe republicile autoproclamate din estul Ucrainei. Potrivit agen\u0163iei INFOTAG, despre aceasta el a declarat la \u015fedin\u0163a deschis\u0103 a partidului ne\u00eenregistrat \u201eDrugaia Rossia\u201d (\u201eAlt\u0103 Rusie\u201d), amintind c\u0103, acum 26 de ani,&#8230;<\/p>\n","protected":false},"author":2,"featured_media":0,"comment_status":"closed","ping_status":"open","sticky":false,"template":"","format":"standard","meta":[],"categories":[1],"tags":[],"_links":{"self":[{"href":"https:\/\/centers.ulbsibiu.ro\/ccsprise\/lact\/wp-json\/wp\/v2\/posts\/6362"}],"collection":[{"href":"https:\/\/centers.ulbsibiu.ro\/ccsprise\/lact\/wp-json\/wp\/v2\/posts"}],"about":[{"href":"https:\/\/centers.ulbsibiu.ro\/ccsprise\/lact\/wp-json\/wp\/v2\/types\/post"}],"author":[{"embeddable":true,"href":"https:\/\/centers.ulbsibiu.ro\/ccsprise\/lact\/wp-json\/wp\/v2\/users\/2"}],"replies":[{"embeddable":true,"href":"https:\/\/centers.ulbsibiu.ro\/ccsprise\/lact\/wp-json\/wp\/v2\/comments?post=6362"}],"version-history":[{"count":1,"href":"https:\/\/centers.ulbsibiu.ro\/ccsprise\/lact\/wp-json\/wp\/v2\/posts\/6362\/revisions"}],"predecessor-version":[{"id":6363,"href":"https:\/\/centers.ulbsibiu.ro\/ccsprise\/lact\/wp-json\/wp\/v2\/posts\/6362\/revisions\/6363"}],"wp:attachment":[{"href":"https:\/\/centers.ulbsibiu.ro\/ccsprise\/lact\/wp-json\/wp\/v2\/media?parent=6362"}],"wp:term":[{"taxonomy":"category","embeddable":true,"href":"https:\/\/centers.ulbsibiu.ro\/ccsprise\/lact\/wp-json\/wp\/v2\/categories?post=6362"},{"taxonomy":"post_tag","embeddable":true,"href":"https:\/\/centers.ulbsibiu.ro\/ccsprise\/lact\/wp-json\/wp\/v2\/tags?post=6362"}],"curies":[{"name":"wp","href":"https:\/\/api.w.org\/{rel}","templated":true}]}}