{"id":6348,"date":"2019-05-27T07:13:52","date_gmt":"2019-05-27T05:13:52","guid":{"rendered":"https:\/\/centers.ulbsibiu.ro\/ccsprise\/lact\/?p=6348"},"modified":"2019-05-27T07:13:52","modified_gmt":"2019-05-27T05:13:52","slug":"deschide-md-kiev-vom-inchide-hotarul-cu-transnistria-daca-rusia-isi-baga-nasul-la-punctele-moldo-ucrainene","status":"publish","type":"post","link":"https:\/\/centers.ulbsibiu.ro\/ccsprise\/lact\/deschide-md-kiev-vom-inchide-hotarul-cu-transnistria-daca-rusia-isi-baga-nasul-la-punctele-moldo-ucrainene\/","title":{"rendered":"Deschide.md &#8211; Kiev: Vom \u00eenchide hotarul cu transnistria, dac\u0103 Rusia \u00ee\u0219i \u201ebag\u0103 nasul\u201d la punctele moldo-ucrainene"},"content":{"rendered":"<p><span style=\"display: inline !important; float: none; background-color: transparent; color: #888888; font-family: 'Arimo',sans-serif; font-size: 13px; font-style: normal; font-variant: normal; font-weight: 400; letter-spacing: normal; orphans: 2; text-align: left; text-decoration: none; text-indent: 0px; text-transform: none; -webkit-text-stroke-width: 0px; white-space: normal; word-spacing: 0px;\">Author: Vasile Cojocari <\/span><\/p>\n<p><strong>Ucraina amenin\u021b\u0103 \u00eenchiderea complet\u0103 a tuturor punctelor de trecere la frontier\u0103 cu autoproclamata republic\u0103 transnistrean\u0103, dac\u0103 Tiraspolul va solicita sprijinul Federa\u021biei Ruse \u00een asigurarea securit\u0103\u021bii \u00een preajma punctelor comune de trecere moldo-ucrainene. Anun\u021bul a fost f\u0103cut , joi, de c\u0103tre Irina Friz, deputat\u0103 \u00een Rada Suprem\u0103 a Ucrainei din partea \u201eBlocului Petro Poro\u015fenko\u201d, pe pagina sa de Facebook.<\/strong><\/p>\n<p style=\"box-sizing: border-box; -webkit-text-stroke-width: 0px; word-spacing: 0px; margin: 0in 0in 7.5pt 0in;\">Pre\u0219edintele subcomitetului din Comisia pentru securitate na\u021bional\u0103 \u0219i ap\u0103rare din Parlamentul Ucrainei, Irina Friz, a declarat c\u0103 Kievul ar putea \u00eenchide complet frontiera cu transnistria, \u00een cazul prezen\u021bei reprezentan\u021bilor Federa\u021biei Ruse \u00een apropierea grani\u021bei dintre Ucraina \u0219i nerecunoscuta republic\u0103.<\/p>\n<p>\u201eDeclara\u021biile a\u0219a-numitului ministru de externe de la Tiraspol, Vitalii Ignatiev, cu privire la inten\u021bia de a solicita amplasarea reprezentan\u021bilor Federa\u021biei Ruse \u00een preajma punctelor de trecere comune moldo-ucrainene pe segmentul transnistrean, sunt auzite \u0219i nu vor r\u0103m\u00e2ne f\u0103r\u0103 reac\u021bia Kievului. Mai exact, dac\u0103 Tiraspolul va cere Moscovei s\u0103-\u0219i amplaseze \u201epacificatorii\u201d l\u00e2ng\u0103 aceste aceste puncte de trecere, noi vom fi nevoi\u021bi s\u0103 \u00eenchidem complet toate punctele de frontier\u0103 de pe segmentul transnistrean\u201d, a notat deputata, Irina Friz pe pagina sa de Facebook.<\/p>\n<p>Textul complet: <a href=\"https:\/\/deschide.md\/ro\/stiri\/politic\/11891\/Kiev-Vom-\u00eenchide-hotarul-cu-transnistria-dac\u0103-Rusia-\u00ee\u0219i-?fbclid=IwAR1EORK1t0pS5yn-n62qUri7oZVaLrkG-FA0NcMJzf2kd9Tks-TM_-js0DY\">https:\/\/deschide.md\/<\/a><\/p>\n","protected":false},"excerpt":{"rendered":"<p>Author: Vasile Cojocari Ucraina amenin\u021b\u0103 \u00eenchiderea complet\u0103 a tuturor punctelor de trecere la frontier\u0103 cu autoproclamata republic\u0103 transnistrean\u0103, dac\u0103 Tiraspolul va solicita sprijinul Federa\u021biei Ruse \u00een asigurarea securit\u0103\u021bii \u00een preajma punctelor comune de trecere moldo-ucrainene. Anun\u021bul a fost f\u0103cut , joi, de c\u0103tre Irina Friz, deputat\u0103 \u00een Rada Suprem\u0103 a Ucrainei din partea \u201eBlocului Petro&#8230;<\/p>\n","protected":false},"author":2,"featured_media":0,"comment_status":"closed","ping_status":"open","sticky":false,"template":"","format":"standard","meta":[],"categories":[1],"tags":[],"_links":{"self":[{"href":"https:\/\/centers.ulbsibiu.ro\/ccsprise\/lact\/wp-json\/wp\/v2\/posts\/6348"}],"collection":[{"href":"https:\/\/centers.ulbsibiu.ro\/ccsprise\/lact\/wp-json\/wp\/v2\/posts"}],"about":[{"href":"https:\/\/centers.ulbsibiu.ro\/ccsprise\/lact\/wp-json\/wp\/v2\/types\/post"}],"author":[{"embeddable":true,"href":"https:\/\/centers.ulbsibiu.ro\/ccsprise\/lact\/wp-json\/wp\/v2\/users\/2"}],"replies":[{"embeddable":true,"href":"https:\/\/centers.ulbsibiu.ro\/ccsprise\/lact\/wp-json\/wp\/v2\/comments?post=6348"}],"version-history":[{"count":1,"href":"https:\/\/centers.ulbsibiu.ro\/ccsprise\/lact\/wp-json\/wp\/v2\/posts\/6348\/revisions"}],"predecessor-version":[{"id":6349,"href":"https:\/\/centers.ulbsibiu.ro\/ccsprise\/lact\/wp-json\/wp\/v2\/posts\/6348\/revisions\/6349"}],"wp:attachment":[{"href":"https:\/\/centers.ulbsibiu.ro\/ccsprise\/lact\/wp-json\/wp\/v2\/media?parent=6348"}],"wp:term":[{"taxonomy":"category","embeddable":true,"href":"https:\/\/centers.ulbsibiu.ro\/ccsprise\/lact\/wp-json\/wp\/v2\/categories?post=6348"},{"taxonomy":"post_tag","embeddable":true,"href":"https:\/\/centers.ulbsibiu.ro\/ccsprise\/lact\/wp-json\/wp\/v2\/tags?post=6348"}],"curies":[{"name":"wp","href":"https:\/\/api.w.org\/{rel}","templated":true}]}}