{"id":6344,"date":"2019-05-24T18:28:27","date_gmt":"2019-05-24T16:28:27","guid":{"rendered":"https:\/\/centers.ulbsibiu.ro\/ccsprise\/lact\/?p=6344"},"modified":"2019-05-24T18:28:27","modified_gmt":"2019-05-24T16:28:27","slug":"gov-md-noi-abuzuri-ale-reprezentantilor-tiraspolului-in-discutie-la-comisia-unificata-de-control","status":"publish","type":"post","link":"https:\/\/centers.ulbsibiu.ro\/ccsprise\/lact\/gov-md-noi-abuzuri-ale-reprezentantilor-tiraspolului-in-discutie-la-comisia-unificata-de-control\/","title":{"rendered":"Gov.md &#8211; Noi abuzuri ale reprezentan\u021bilor Tiraspolului \u00een discu\u021bie la Comisia Unificat\u0103 de Control"},"content":{"rendered":"<p>La 23 mai, \u00een cadrul \u0219edin\u021bei Comisiei Unificate de Control (CUC), delega\u021bia Republicii Moldova a semnalat alte \u00eenc\u0103lc\u0103ri grave comise de c\u0103tre pretinsele forma\u021biuni armate transnistrene \u00een Zona de Securitate contrar protocoalelor existente \u0219i a celor convenite \u00eentre conduc\u0103torii delega\u021biilor.<\/p>\n<p>Un prim caz se refer\u0103 la instalarea unilateral\u0103 a unui post de gr\u0103niceri transnistreni, \u00een perimetrul localit\u0103\u021bii Pohrebea, \u00een locul celui de \u201emili\u021bie\u201d.<\/p>\n<p>De notat c\u0103, \u00een trecut, \u00een loca\u021bia men\u021bionat\u0103 activa un asemenea post de gr\u0103niceri. Totu\u0219i, \u00een urma eforturilor delega\u021biei noastre, problema a fost solu\u021bionat\u0103 la 16 februarie 2012, c\u00e2nd CUC a decis excluderea \u201epostului de gr\u0103niceri\u201d, controlul fiind plasat \u00een responsabilitatea structurilor de poli\u021bie \u0219i mili\u021bie. Cu toate c\u0103 partea transnistrean\u0103 invoc\u0103 faptul c\u0103 modific\u0103rile s-au efectuat \u00een contextul unor reforme de transferare a competen\u021belor suplimentare c\u0103tre pretinsele trupe de gr\u0103niceri ale a.n. \u201emgb\u201d, ac\u021biunile descrise contravin flagrant actelor \u00een vigoare.<\/p>\n<p>De\u0219i at\u00eet delega\u021bia transnistrean\u0103, c\u00eet \u0219i cea a Federa\u021biei Ruse au admis c\u0103 subiectul trebuie discutat, la \u0219edin\u021ba curent\u0103 acestea au refuzat includerea problemei \u00een ordinea de zi. Astfel, chestiunea dat\u0103 urmeaz\u0103 a fi propus\u0103 repetat spre examinare de c\u0103tre delega\u021bia Republicii Moldova la \u0219edin\u021bele urm\u0103toare.<\/p>\n<p>Un alt caz semnalat de \u00eenc\u0103lcare a regimului Zonei de Securitate se refer\u0103 la constatarea prezen\u021bei tehnicii militare \u0219i a reprezentan\u021bilor diverselor forma\u021biuni militare \u00een cadrul forumului \u201eTiras-2019\u201d organizat pe teritoriul taberei \u201eDnestrovskie zori\u201d \u00een perioada 16-18 mai curent, \u00een loc. Merene\u015fti, suburbie a or. Bender (localitate cu regim sporit de securitate).<\/p>\n<p>Chiar dac\u0103 mass-media din regiunea transnistrean\u0103 a mediatizat amplu evenimentul organizat de c\u0103tre a.n. \u201eminister al ap\u0103r\u0103rii\u201d, inclusiv \u201eor\u0103\u015felul militar\u201d amenajat, expozi\u0163ia de armament etc., delega\u021bia Tiraspolului nu a prezentat \u00een Comisie informa\u021bii relevante, inclusiv nu a \u00een\u0219tiin\u021bat \u00een prealabil despre inten\u021biile de a realiza o asemenea activitate.<\/p>\n<p>Subiectul a fost abordat de c\u0103tre membrii delega\u021biei Republicii Moldova \u0219i \u00een cadrul \u0219edin\u021bei grupului de lucru din 14 mai curent \u00een sediul OSCE din Bender. Prin urmare, delega\u021bia transnistrean\u0103 s-a obligat s\u0103 prezinte \u00een cadrul urm\u0103toarei \u0219edin\u021be informa\u021bia cu privire la incidentul \u00een cauz\u0103.<\/p>\n<p>De asemenea, a fost f\u0103cut <a href=\"https:\/\/gov.md\/sites\/default\/files\/declaratia_libera_circulatie.pdf\" target=\"_blank\" rel=\"noopener\"><strong>un demers<\/strong><\/a> adresat reprezentan\u021bilor OSCE, Federa\u021biei Ruse \u0219i Ucrainei, prin care se solicit\u0103 interven\u021bia \u00een sensul asigur\u0103rii liberei circula\u021bii \u00een Zona de Securitate.<\/p>\n<p>Solicitarea a fost \u00eentocmit\u0103 drept urmare a unui abuz comis de c\u0103tre structurile neconstitu\u021bionale din st\u00e2nga Nistrului \u00een privin\u021ba reprezentan\u021bilor Biroului Politici de Reintegrare. Astfel, func\u021bionarii institu\u021biei, deplas\u00eendu-se la data de 14 mai \u00eentr-o vizit\u0103 de lucru la \u0219colile cu predare \u00een limba rom\u00e2n\u0103 din regiunea transnistrean\u0103, au fost stopa\u021bi de c\u0103tre a.n. gr\u0103niceri transnistreni la postul din or. Dub\u0103sari, fiindu-le aplicate procedurile similare ca \u0219i \u00een cazul cet\u0103\u021benilor str\u0103ini, cu limitarea \u201etermenului de \u0219edere\u201d.<\/p>\n<p>De men\u021bionat c\u0103 despre faptul deplas\u0103rii membrilor grupului a fost \u00een\u0219tiin\u021bat \u00een prealabil structura transnistrean\u0103 responsabil\u0103 de dialogul \u00eentre p\u0103r\u021bi.<\/p>\n<p>Pe durata \u0219edin\u021bei au fost aprobate rapoartele Comandamentului Militar \u00centrunit pentru perioadele 24-30 aprilie, 1-7 mai \u0219i 8-14 mai, precum \u0219i a fost avizat\u0103 candidatura unui observator militar din partea Federa\u021biei Ruse.<\/p>\n<p><strong>\u00a0<\/strong><\/p>\n<p><strong>Delega\u021bia Republicii Moldova \u00een CUC<\/strong><\/p>\n<p>&nbsp;<\/p>\n<p>Sursa:\u00a0<a href=\"https:\/\/gov.md\/ro\/content\/noi-abuzuri-ale-reprezentantilor-tiraspolului-discutie-la-comisia-unificata-de-control\">https:\/\/gov.md\/<\/a><\/p>\n","protected":false},"excerpt":{"rendered":"<p>La 23 mai, \u00een cadrul \u0219edin\u021bei Comisiei Unificate de Control (CUC), delega\u021bia Republicii Moldova a semnalat alte \u00eenc\u0103lc\u0103ri grave comise de c\u0103tre pretinsele forma\u021biuni armate transnistrene \u00een Zona de Securitate contrar protocoalelor existente \u0219i a celor convenite \u00eentre conduc\u0103torii delega\u021biilor. Un prim caz se refer\u0103 la instalarea unilateral\u0103 a unui post de gr\u0103niceri transnistreni, \u00een&#8230;<\/p>\n","protected":false},"author":2,"featured_media":0,"comment_status":"closed","ping_status":"open","sticky":false,"template":"","format":"standard","meta":[],"categories":[1],"tags":[],"_links":{"self":[{"href":"https:\/\/centers.ulbsibiu.ro\/ccsprise\/lact\/wp-json\/wp\/v2\/posts\/6344"}],"collection":[{"href":"https:\/\/centers.ulbsibiu.ro\/ccsprise\/lact\/wp-json\/wp\/v2\/posts"}],"about":[{"href":"https:\/\/centers.ulbsibiu.ro\/ccsprise\/lact\/wp-json\/wp\/v2\/types\/post"}],"author":[{"embeddable":true,"href":"https:\/\/centers.ulbsibiu.ro\/ccsprise\/lact\/wp-json\/wp\/v2\/users\/2"}],"replies":[{"embeddable":true,"href":"https:\/\/centers.ulbsibiu.ro\/ccsprise\/lact\/wp-json\/wp\/v2\/comments?post=6344"}],"version-history":[{"count":1,"href":"https:\/\/centers.ulbsibiu.ro\/ccsprise\/lact\/wp-json\/wp\/v2\/posts\/6344\/revisions"}],"predecessor-version":[{"id":6345,"href":"https:\/\/centers.ulbsibiu.ro\/ccsprise\/lact\/wp-json\/wp\/v2\/posts\/6344\/revisions\/6345"}],"wp:attachment":[{"href":"https:\/\/centers.ulbsibiu.ro\/ccsprise\/lact\/wp-json\/wp\/v2\/media?parent=6344"}],"wp:term":[{"taxonomy":"category","embeddable":true,"href":"https:\/\/centers.ulbsibiu.ro\/ccsprise\/lact\/wp-json\/wp\/v2\/categories?post=6344"},{"taxonomy":"post_tag","embeddable":true,"href":"https:\/\/centers.ulbsibiu.ro\/ccsprise\/lact\/wp-json\/wp\/v2\/tags?post=6344"}],"curies":[{"name":"wp","href":"https:\/\/api.w.org\/{rel}","templated":true}]}}