{"id":6342,"date":"2019-05-23T19:10:16","date_gmt":"2019-05-23T17:10:16","guid":{"rendered":"https:\/\/centers.ulbsibiu.ro\/ccsprise\/lact\/?p=6342"},"modified":"2019-05-23T19:10:16","modified_gmt":"2019-05-23T17:10:16","slug":"ziarulnational-md-fostul-primar-al-tiraspolului-omorat-la-odesa-gasit-cu-mainile-legate-langa-un-infiniti","status":"publish","type":"post","link":"https:\/\/centers.ulbsibiu.ro\/ccsprise\/lact\/ziarulnational-md-fostul-primar-al-tiraspolului-omorat-la-odesa-gasit-cu-mainile-legate-langa-un-infiniti\/","title":{"rendered":"Ziarulnational.md &#8211; Fostul primar al Tiraspolului, omor\u00e2t la Odesa: G\u0103sit cu m\u00e2inile legate l\u00e2ng\u0103 un \u201eInfiniti\u201d"},"content":{"rendered":"<p>Fostul primar al ora\u0219ului Tiraspol Andrei Bezbabcenko a fost omor\u00e2t la Odesa, \u00een Ucraina.<\/p>\n<p>Cadavrul acestuia a fost g\u0103sit intr-o zon\u0103 abandonat\u0103 din satul Vapnyarka, raionul Limansky, transmite <a href=\"http:\/\/www.realitatea.md\/andrei-bezbabcenko--fost-primar-al-orasului-tiraspol--omorat-la-odesa--avea-mainile-legate_94860.html\" target=\"_blank\" rel=\"noopener\">Realitatea<\/a>.<\/p>\n<p>Potrivit sursei, corpul ne\u00eensufle\u021bit al acestuia era sprijinit de un perete, iar al\u0103turi se afla un automobil de marca \u201eInfiniti\u201d.<\/p>\n<p>Totodat\u0103, <a href=\"http:\/\/pressorg24.com\/news?id=460138&amp;fbclid=IwAR1lVlOtVrud71zuN0wWJTyMHBh5JR2O3v7R4eWLb7HMObh1NrMiuwAIgyk\" target=\"_blank\" rel=\"noopener\">m\u00e2inile acestuia erau legate<\/a>, iar pe corp avea semne de moarte violent\u0103.<\/p>\n<p><a href=\"https:\/\/www.deschide.md\/ro\/stiri\/social\/48842\/EXCLUSIV--FOTO--Detalii-despre-asasinarea-fostului-primar-de-Tiraspol-la-Odesa.htm\" target=\"_blank\" rel=\"noopener\">Deschide.md<\/a> transmite c\u0103 poli\u021bia ucrainean\u0103 a fost sesizat\u0103 ieri despre dispari\u021bia lui Bezbabcenko de c\u0103tre concubina acestuia. \u00cen vila sa din suburbia ora\u0219ului Odesa, oamenii legii au g\u0103sit mai multe urme de s\u00e2nge, iar la o distan\u021b\u0103 de aproximativ 5 km de vila acestuia, \u00eentr-o cl\u0103dire abandonat\u0103 a fost depistat cadavrul fostului a\u0219a-zis func\u021bionar de la Tiraspol.<\/p>\n<p>Sursa:\u00a0<a href=\"https:\/\/www.ziarulnational.md\/fostul-primar-al-tiraspolului-omorat-la-odesa-gasit-cu-mainile-legate-langa-un-infinity\/\">https:\/\/www.ziarulnational.md\/<\/a><\/p>\n","protected":false},"excerpt":{"rendered":"<p>Fostul primar al ora\u0219ului Tiraspol Andrei Bezbabcenko a fost omor\u00e2t la Odesa, \u00een Ucraina. Cadavrul acestuia a fost g\u0103sit intr-o zon\u0103 abandonat\u0103 din satul Vapnyarka, raionul Limansky, transmite Realitatea. Potrivit sursei, corpul ne\u00eensufle\u021bit al acestuia era sprijinit de un perete, iar al\u0103turi se afla un automobil de marca \u201eInfiniti\u201d. Totodat\u0103, m\u00e2inile acestuia erau legate, iar&#8230;<\/p>\n","protected":false},"author":2,"featured_media":0,"comment_status":"closed","ping_status":"open","sticky":false,"template":"","format":"standard","meta":[],"categories":[1],"tags":[],"_links":{"self":[{"href":"https:\/\/centers.ulbsibiu.ro\/ccsprise\/lact\/wp-json\/wp\/v2\/posts\/6342"}],"collection":[{"href":"https:\/\/centers.ulbsibiu.ro\/ccsprise\/lact\/wp-json\/wp\/v2\/posts"}],"about":[{"href":"https:\/\/centers.ulbsibiu.ro\/ccsprise\/lact\/wp-json\/wp\/v2\/types\/post"}],"author":[{"embeddable":true,"href":"https:\/\/centers.ulbsibiu.ro\/ccsprise\/lact\/wp-json\/wp\/v2\/users\/2"}],"replies":[{"embeddable":true,"href":"https:\/\/centers.ulbsibiu.ro\/ccsprise\/lact\/wp-json\/wp\/v2\/comments?post=6342"}],"version-history":[{"count":1,"href":"https:\/\/centers.ulbsibiu.ro\/ccsprise\/lact\/wp-json\/wp\/v2\/posts\/6342\/revisions"}],"predecessor-version":[{"id":6343,"href":"https:\/\/centers.ulbsibiu.ro\/ccsprise\/lact\/wp-json\/wp\/v2\/posts\/6342\/revisions\/6343"}],"wp:attachment":[{"href":"https:\/\/centers.ulbsibiu.ro\/ccsprise\/lact\/wp-json\/wp\/v2\/media?parent=6342"}],"wp:term":[{"taxonomy":"category","embeddable":true,"href":"https:\/\/centers.ulbsibiu.ro\/ccsprise\/lact\/wp-json\/wp\/v2\/categories?post=6342"},{"taxonomy":"post_tag","embeddable":true,"href":"https:\/\/centers.ulbsibiu.ro\/ccsprise\/lact\/wp-json\/wp\/v2\/tags?post=6342"}],"curies":[{"name":"wp","href":"https:\/\/api.w.org\/{rel}","templated":true}]}}