{"id":6338,"date":"2019-05-22T20:01:26","date_gmt":"2019-05-22T18:01:26","guid":{"rendered":"https:\/\/centers.ulbsibiu.ro\/ccsprise\/lact\/?p=6338"},"modified":"2019-05-22T20:01:26","modified_gmt":"2019-05-22T18:01:26","slug":"infotag-md-in-primul-trimestru-mortalitatea-in-transnistria-a-fost-de-doua-ori-mai-mare-decat-natalitatea","status":"publish","type":"post","link":"https:\/\/centers.ulbsibiu.ro\/ccsprise\/lact\/infotag-md-in-primul-trimestru-mortalitatea-in-transnistria-a-fost-de-doua-ori-mai-mare-decat-natalitatea\/","title":{"rendered":"Infotag.md &#8211; \u00ceN PRIMUL TRIMESTRU, MORTALITATEA \u00ceN TRANSNISTRIA A FOST DE DOU\u0102 ORI MAI MARE DEC\u00c2T NATALITATEA"},"content":{"rendered":"<p>\u00cen primul trimestru, \u00een Transnistria au fost \u00eenregistra\u0163i 904 nou-n\u0103scu\u0163i vii, iar num\u0103rul persoanelor decedate a fost de dou\u0103 ori mai mare \u2013 1888. Astfel, declinul natural al popula\u0163iei a constituit 984 de persoane, fiind cu 0,4% mai mic comparativ cu perioada similar\u0103 a anului 2018.<\/p>\n<p>Potrivit agen\u0163iei INFOTAG cu referire la datele Serviciului de statistic\u0103 din regiune, principalele cauze de deces r\u0103m\u00e2n bolile cardiovasculare \u2013 684 de persoane (+1,9%), constituind peste o treime din num\u0103rul decesurilor. Apoi urmeaz\u0103 neoplasmele \u2013 330 (-1,8%) \u015fi afec\u0163iunile sistemului nervos 278 (+5,7%).<\/p>\n<p>Totodat\u0103, au decedat cinci copii cu v\u00e2rsta de p\u00e2n\u0103 la un an (-16,7%).<\/p>\n<p>Referitor la migra\u0163ia popula\u0163iei, \u00een aceast\u0103 perioad\u0103 din regiune au plecat 882 persoane, dar au venit cu traiul 920 persoane (de regul\u0103, este vorba de cet\u0103\u0163enii Moldovei care au mai locuit aici, au ob\u0163inut cet\u0103\u0163enia transnistrean\u0103, care este mai atractiv\u0103 din cauza v\u00e2rstei mai mici de pensionare, iar \u00een regiune tarifele la serviciile comunitare sunt mai mici \u2013 \u201eI\u201d.).<\/p>\n<p>Potrivit datelor guvernului regiunii, situa\u021bia demografic\u0103 \u00een Transnistria \u201er\u0103m\u00e2ne destul de dificil\u0103\u201d: doar \u00een ultimii 10 ani popula\u021bia s-a redus cu 58,5 mii de persoane (11,1%), constituind la sf\u00e2r\u0219itul anului 2017 circa 469 mii de persoane. \u00cen 2018, declinul natural al popula\u021biei a fost de 2641 de persoane, migra\u021bia \u2013 767 persoane.<\/p>\n<p>Sursa:\u00a0<a href=\"http:\/\/www.infotag.md\/rebelion-ro\/275924\/\">http:\/\/www.infotag.md\/<\/a><\/p>\n","protected":false},"excerpt":{"rendered":"<p>\u00cen primul trimestru, \u00een Transnistria au fost \u00eenregistra\u0163i 904 nou-n\u0103scu\u0163i vii, iar num\u0103rul persoanelor decedate a fost de dou\u0103 ori mai mare \u2013 1888. Astfel, declinul natural al popula\u0163iei a constituit 984 de persoane, fiind cu 0,4% mai mic comparativ cu perioada similar\u0103 a anului 2018. Potrivit agen\u0163iei INFOTAG cu referire la datele Serviciului de&#8230;<\/p>\n","protected":false},"author":2,"featured_media":0,"comment_status":"closed","ping_status":"open","sticky":false,"template":"","format":"standard","meta":[],"categories":[1],"tags":[],"_links":{"self":[{"href":"https:\/\/centers.ulbsibiu.ro\/ccsprise\/lact\/wp-json\/wp\/v2\/posts\/6338"}],"collection":[{"href":"https:\/\/centers.ulbsibiu.ro\/ccsprise\/lact\/wp-json\/wp\/v2\/posts"}],"about":[{"href":"https:\/\/centers.ulbsibiu.ro\/ccsprise\/lact\/wp-json\/wp\/v2\/types\/post"}],"author":[{"embeddable":true,"href":"https:\/\/centers.ulbsibiu.ro\/ccsprise\/lact\/wp-json\/wp\/v2\/users\/2"}],"replies":[{"embeddable":true,"href":"https:\/\/centers.ulbsibiu.ro\/ccsprise\/lact\/wp-json\/wp\/v2\/comments?post=6338"}],"version-history":[{"count":1,"href":"https:\/\/centers.ulbsibiu.ro\/ccsprise\/lact\/wp-json\/wp\/v2\/posts\/6338\/revisions"}],"predecessor-version":[{"id":6339,"href":"https:\/\/centers.ulbsibiu.ro\/ccsprise\/lact\/wp-json\/wp\/v2\/posts\/6338\/revisions\/6339"}],"wp:attachment":[{"href":"https:\/\/centers.ulbsibiu.ro\/ccsprise\/lact\/wp-json\/wp\/v2\/media?parent=6338"}],"wp:term":[{"taxonomy":"category","embeddable":true,"href":"https:\/\/centers.ulbsibiu.ro\/ccsprise\/lact\/wp-json\/wp\/v2\/categories?post=6338"},{"taxonomy":"post_tag","embeddable":true,"href":"https:\/\/centers.ulbsibiu.ro\/ccsprise\/lact\/wp-json\/wp\/v2\/tags?post=6338"}],"curies":[{"name":"wp","href":"https:\/\/api.w.org\/{rel}","templated":true}]}}