{"id":6334,"date":"2019-05-21T20:05:14","date_gmt":"2019-05-21T18:05:14","guid":{"rendered":"https:\/\/centers.ulbsibiu.ro\/ccsprise\/lact\/?p=6334"},"modified":"2019-05-21T20:05:14","modified_gmt":"2019-05-21T18:05:14","slug":"gov-md-viceprim-ministrul-cristina-lesnic-a-reiterat-necesitatea-implicarii-directe-a-misiunii-osce-in-procesul-de-solutionare-a-celor-mai-stringente-probleme-ale-locuitorilor-de-pe-ambele-maluri-al","status":"publish","type":"post","link":"https:\/\/centers.ulbsibiu.ro\/ccsprise\/lact\/gov-md-viceprim-ministrul-cristina-lesnic-a-reiterat-necesitatea-implicarii-directe-a-misiunii-osce-in-procesul-de-solutionare-a-celor-mai-stringente-probleme-ale-locuitorilor-de-pe-ambele-maluri-al\/","title":{"rendered":"Gov.md &#8211; Viceprim-ministrul Cristina Lesnic a reiterat necesitatea implic\u0103rii directe a Misiunii OSCE \u00een procesul de solu\u021bionare a celor mai stringente probleme ale locuitorilor de pe ambele maluri ale Nistrului"},"content":{"rendered":"<p>Pe 20 mai 2019, Viceprim-ministrul Cristina Lesnic a avut o nou\u0103 \u00eentrevedere cu \u015eeful Misiunii OSCE \u00een Republica Moldova, Claus Neukirch, cu discutarea unui spectru larg de aspecte ce \u021bin de problematica transnistrean\u0103 \u0219i a rezultatelor vizitelor de documentare efectuate pe parcursul s\u0103pt\u0103m\u00e2nii trecute la institu\u021biile de \u00eenv\u0103\u021b\u0103m\u00e2nt cu predare \u00een limba rom\u00e2n\u0103 din regiunea transnistrean\u0103 \u0219i \u00een s.Varni\u0163a din raionul Anenii Noi.<\/p>\n<p>\u00cen context, au fost eviden\u021biate problemele abordate de c\u0103tre cadrele didactice \u0219i cet\u0103\u021beni \u00een cadrul vizitelor nominalizate, fiind solicitat\u0103 implicarea nemijlocit\u0103 a Misiunii OSCE \u00een calitate de mediator \u00een procesul de negocieri \u00eentru identificarea unor solu\u021bii viabile pe marginea acestora.<\/p>\n<p>De asemenea, \u00een cadrul \u00eentrevederii au fost abordate unele aspecte ce \u021bin de stimularea activit\u0103\u021bii unor grupuri de lucru sectoriale care vor continua s\u0103 asigure interac\u021biunea \u0219i dialogul pe probleme tehnice, precum \u0219i elemente referitor la organizarea \u00een perioada apropiat\u0103 a unei posibile vizite \u00een Republica Moldova a mediatorilor \u0219i a observatorilor \u00een formatul de negocieri ,,5+2\u201d.<\/p>\n<p>Sursa:\u00a0<a href=\"https:\/\/gov.md\/ro\/content\/viceprim-ministrul-cristina-lesnic-reiterat-necesitatea-implicarii-directe-misiunii-osce\">https:\/\/gov.md<\/a><\/p>\n","protected":false},"excerpt":{"rendered":"<p>Pe 20 mai 2019, Viceprim-ministrul Cristina Lesnic a avut o nou\u0103 \u00eentrevedere cu \u015eeful Misiunii OSCE \u00een Republica Moldova, Claus Neukirch, cu discutarea unui spectru larg de aspecte ce \u021bin de problematica transnistrean\u0103 \u0219i a rezultatelor vizitelor de documentare efectuate pe parcursul s\u0103pt\u0103m\u00e2nii trecute la institu\u021biile de \u00eenv\u0103\u021b\u0103m\u00e2nt cu predare \u00een limba rom\u00e2n\u0103 din regiunea&#8230;<\/p>\n","protected":false},"author":2,"featured_media":0,"comment_status":"closed","ping_status":"open","sticky":false,"template":"","format":"standard","meta":[],"categories":[1],"tags":[],"_links":{"self":[{"href":"https:\/\/centers.ulbsibiu.ro\/ccsprise\/lact\/wp-json\/wp\/v2\/posts\/6334"}],"collection":[{"href":"https:\/\/centers.ulbsibiu.ro\/ccsprise\/lact\/wp-json\/wp\/v2\/posts"}],"about":[{"href":"https:\/\/centers.ulbsibiu.ro\/ccsprise\/lact\/wp-json\/wp\/v2\/types\/post"}],"author":[{"embeddable":true,"href":"https:\/\/centers.ulbsibiu.ro\/ccsprise\/lact\/wp-json\/wp\/v2\/users\/2"}],"replies":[{"embeddable":true,"href":"https:\/\/centers.ulbsibiu.ro\/ccsprise\/lact\/wp-json\/wp\/v2\/comments?post=6334"}],"version-history":[{"count":1,"href":"https:\/\/centers.ulbsibiu.ro\/ccsprise\/lact\/wp-json\/wp\/v2\/posts\/6334\/revisions"}],"predecessor-version":[{"id":6335,"href":"https:\/\/centers.ulbsibiu.ro\/ccsprise\/lact\/wp-json\/wp\/v2\/posts\/6334\/revisions\/6335"}],"wp:attachment":[{"href":"https:\/\/centers.ulbsibiu.ro\/ccsprise\/lact\/wp-json\/wp\/v2\/media?parent=6334"}],"wp:term":[{"taxonomy":"category","embeddable":true,"href":"https:\/\/centers.ulbsibiu.ro\/ccsprise\/lact\/wp-json\/wp\/v2\/categories?post=6334"},{"taxonomy":"post_tag","embeddable":true,"href":"https:\/\/centers.ulbsibiu.ro\/ccsprise\/lact\/wp-json\/wp\/v2\/tags?post=6334"}],"curies":[{"name":"wp","href":"https:\/\/api.w.org\/{rel}","templated":true}]}}