{"id":6325,"date":"2019-05-17T21:36:28","date_gmt":"2019-05-17T19:36:28","guid":{"rendered":"https:\/\/centers.ulbsibiu.ro\/ccsprise\/lact\/?p=6325"},"modified":"2019-05-17T21:36:28","modified_gmt":"2019-05-17T19:36:28","slug":"deschide-md-rusia-aplica-in-transnistria-tactici-de-lupta-invatate-in-siria","status":"publish","type":"post","link":"https:\/\/centers.ulbsibiu.ro\/ccsprise\/lact\/deschide-md-rusia-aplica-in-transnistria-tactici-de-lupta-invatate-in-siria\/","title":{"rendered":"Deschide.md &#8211; Rusia aplic\u0103 \u00een Transnistria tactici de lupt\u0103 \u00eenv\u0103\u021bate \u00een Siria"},"content":{"rendered":"<p><span style=\"display: inline !important; float: none; background-color: transparent; color: #888888; font-family: 'Arimo',sans-serif; font-size: 13px; font-style: normal; font-variant: normal; font-weight: 400; letter-spacing: normal; orphans: 2; text-align: left; text-decoration: none; text-indent: 0px; text-transform: none; -webkit-text-stroke-width: 0px; white-space: normal; word-spacing: 0px;\">Author: Vadim Vasiliu<\/span><\/p>\n<p>Pentru a-\u0219i ameliora baza material\u0103 \u0219i teoretic\u0103, Grupul Operativ al Trupelor Ruse din Transnistria folose\u0219te experien\u021ba dob\u00e2ndit\u0103 de Federa\u021bia Rus\u0103 \u00een Siria, potrivit unui comunicat al Districtului Militar de Vest.<\/p>\n<p>\u201eCu scopul de a integra experien\u021ba de lupt\u0103 ob\u021binut\u0103 \u00een Republica Arab\u0103 Siria, pe poligonul militar al GOTR au fost amenajate construc\u021bii pentru realizarea exerci\u021biilor de \u00eenaintare \u0219i de lupt\u0103 \u00een localit\u0103\u021bi\u201d, se men\u021bioneaz\u0103 \u00een comunicatul Districtului Militar de Vest.<\/p>\n<p>Pe l\u00e2ng\u0103 aceasta, \u00een comunicat se men\u021bioneaz\u0103 c\u0103 a fost modernizat postul de pacificare destinat exerci\u021biilor, la care se vor antrena for\u021bele ruse de pacificare.<\/p>\n<p>La fel, a fost modernizat\u0103 baza metodologic\u0103 de efectuare a exerci\u021biilor \u0219i au fost \u00eennoite \u021bintele de tragere de pe poligon. Noul suport metodologic va fi implementat \u00eencep\u00e2nd cu vara acestui an.<\/p>\n<p>Sursa:\u00a0<a href=\"https:\/\/deschide.md\/ro\/stiri\/23\/48560\/Rusia-aplic\u0103-\u00een-Transnistria-tactici-de-lupt\u0103-\u00eenv\u0103\u021bate-\u00een-Siria.htm\">https:\/\/deschide.md\/<\/a><\/p>\n","protected":false},"excerpt":{"rendered":"<p>Author: Vadim Vasiliu Pentru a-\u0219i ameliora baza material\u0103 \u0219i teoretic\u0103, Grupul Operativ al Trupelor Ruse din Transnistria folose\u0219te experien\u021ba dob\u00e2ndit\u0103 de Federa\u021bia Rus\u0103 \u00een Siria, potrivit unui comunicat al Districtului Militar de Vest. \u201eCu scopul de a integra experien\u021ba de lupt\u0103 ob\u021binut\u0103 \u00een Republica Arab\u0103 Siria, pe poligonul militar al GOTR au fost amenajate construc\u021bii&#8230;<\/p>\n","protected":false},"author":2,"featured_media":0,"comment_status":"closed","ping_status":"open","sticky":false,"template":"","format":"standard","meta":[],"categories":[1],"tags":[],"_links":{"self":[{"href":"https:\/\/centers.ulbsibiu.ro\/ccsprise\/lact\/wp-json\/wp\/v2\/posts\/6325"}],"collection":[{"href":"https:\/\/centers.ulbsibiu.ro\/ccsprise\/lact\/wp-json\/wp\/v2\/posts"}],"about":[{"href":"https:\/\/centers.ulbsibiu.ro\/ccsprise\/lact\/wp-json\/wp\/v2\/types\/post"}],"author":[{"embeddable":true,"href":"https:\/\/centers.ulbsibiu.ro\/ccsprise\/lact\/wp-json\/wp\/v2\/users\/2"}],"replies":[{"embeddable":true,"href":"https:\/\/centers.ulbsibiu.ro\/ccsprise\/lact\/wp-json\/wp\/v2\/comments?post=6325"}],"version-history":[{"count":1,"href":"https:\/\/centers.ulbsibiu.ro\/ccsprise\/lact\/wp-json\/wp\/v2\/posts\/6325\/revisions"}],"predecessor-version":[{"id":6326,"href":"https:\/\/centers.ulbsibiu.ro\/ccsprise\/lact\/wp-json\/wp\/v2\/posts\/6325\/revisions\/6326"}],"wp:attachment":[{"href":"https:\/\/centers.ulbsibiu.ro\/ccsprise\/lact\/wp-json\/wp\/v2\/media?parent=6325"}],"wp:term":[{"taxonomy":"category","embeddable":true,"href":"https:\/\/centers.ulbsibiu.ro\/ccsprise\/lact\/wp-json\/wp\/v2\/categories?post=6325"},{"taxonomy":"post_tag","embeddable":true,"href":"https:\/\/centers.ulbsibiu.ro\/ccsprise\/lact\/wp-json\/wp\/v2\/tags?post=6325"}],"curies":[{"name":"wp","href":"https:\/\/api.w.org\/{rel}","templated":true}]}}