{"id":6323,"date":"2019-05-17T21:32:06","date_gmt":"2019-05-17T19:32:06","guid":{"rendered":"https:\/\/centers.ulbsibiu.ro\/ccsprise\/lact\/?p=6323"},"modified":"2019-05-17T21:32:06","modified_gmt":"2019-05-17T19:32:06","slug":"gov-md-vizite-de-lucru-la-scolile-cu-predare-in-limba-romana-din-orasele-tiraspol-si-bender","status":"publish","type":"post","link":"https:\/\/centers.ulbsibiu.ro\/ccsprise\/lact\/gov-md-vizite-de-lucru-la-scolile-cu-predare-in-limba-romana-din-orasele-tiraspol-si-bender\/","title":{"rendered":"Gov.md &#8211; Vizite de lucru la \u0219colile cu predare \u00een limba rom\u00e2n\u0103 din ora\u0219ele Tiraspol \u0219i Bender"},"content":{"rendered":"<p>Continu\u00e2nd \u0219irul deplas\u0103rilor planificate \u00een teritoriu, la data de 16 mai func\u021bionarii Biroului politici de reintegrare au vizitat Liceul Teoretic \u201eAlexandru cel Bun\u201d \u0219i Gimnaziul-internat pentru copii orfani \u015fi r\u0103ma\u0219i f\u0103r\u0103 \u00eengrijirea p\u0103rin\u0163ilor, situate \u00een or.Bender, precum \u0219i Liceul Teoretic \u201eLucian Blaga\u201d din or. Tiraspol.<\/p>\n<p>Vizitele respective se \u00eenscriu \u00een agenda activit\u0103\u021bilor Biroului, menite s\u0103 asigure monitorizarea procesului de implementare a Deciziei protocolare \u201eCu privire la asigurarea func\u021bion\u0103rii \u0219colilor moldovene\u0219ti cu predare \u00een grafia latin\u0103\u201d semnat\u0103 la 25 noiembrie 2017.<\/p>\n<p>Astfel, discu\u021biile cu administra\u021bia \u0219i profesorii acestor institu\u021bii de \u00eenv\u0103\u021b\u0103m\u00e2nt s-au axat primordial pe condi\u021biile de func\u021bionare a \u0219colilor, problemele actuale cu care se confrunt\u0103, amenajarea terenurilor adiacente \u00een scopul asigur\u0103rii procesului educativ. Elevii \u0219i cadrele didactice au adresat \u00eentreb\u0103ri \u0219i au primit r\u0103spunsuri la subiectele legate de asigurarea liberei circula\u021bii \u00een baza carnetelor de elevi sau legitima\u021biilor pentru profesori, dar \u0219i au semnalat situa\u021bii alarmante privind \u00eenrolarea for\u021bat\u0103 a tinerilor \u00een a\u0219a-numitele structuri militare transnistrene. Func\u021bionarii Biroului au reiterat deschiderea \u0219i eforturile autorit\u0103\u021bilor de la Chi\u0219in\u0103u \u00eentru solu\u021bionarea eficient\u0103 a problemelor puse \u00een discu\u021bie.<\/p>\n<p>Reprezentan\u021bii Misiunii OSCE \u00een Moldova, prezen\u021bi la \u00eent\u00e2lnire, au donat fiec\u0103rei institu\u021bii de \u00eenv\u0103\u021b\u0103m\u00e2nt vizitate c\u00e2te un videoproiector, laptop \u0219i un set de mingi.<\/p>\n<p>Sursa:\u00a0<a href=\"https:\/\/gov.md\/ro\/content\/vizite-de-lucru-la-scolile-cu-predare-limba-romana-din-orasele-tiraspol-si-bender\">https:\/\/gov.md\/<\/a><\/p>\n<p>&nbsp;<\/p>\n","protected":false},"excerpt":{"rendered":"<p>Continu\u00e2nd \u0219irul deplas\u0103rilor planificate \u00een teritoriu, la data de 16 mai func\u021bionarii Biroului politici de reintegrare au vizitat Liceul Teoretic \u201eAlexandru cel Bun\u201d \u0219i Gimnaziul-internat pentru copii orfani \u015fi r\u0103ma\u0219i f\u0103r\u0103 \u00eengrijirea p\u0103rin\u0163ilor, situate \u00een or.Bender, precum \u0219i Liceul Teoretic \u201eLucian Blaga\u201d din or. Tiraspol. Vizitele respective se \u00eenscriu \u00een agenda activit\u0103\u021bilor Biroului, menite s\u0103&#8230;<\/p>\n","protected":false},"author":2,"featured_media":0,"comment_status":"closed","ping_status":"open","sticky":false,"template":"","format":"standard","meta":[],"categories":[1],"tags":[],"_links":{"self":[{"href":"https:\/\/centers.ulbsibiu.ro\/ccsprise\/lact\/wp-json\/wp\/v2\/posts\/6323"}],"collection":[{"href":"https:\/\/centers.ulbsibiu.ro\/ccsprise\/lact\/wp-json\/wp\/v2\/posts"}],"about":[{"href":"https:\/\/centers.ulbsibiu.ro\/ccsprise\/lact\/wp-json\/wp\/v2\/types\/post"}],"author":[{"embeddable":true,"href":"https:\/\/centers.ulbsibiu.ro\/ccsprise\/lact\/wp-json\/wp\/v2\/users\/2"}],"replies":[{"embeddable":true,"href":"https:\/\/centers.ulbsibiu.ro\/ccsprise\/lact\/wp-json\/wp\/v2\/comments?post=6323"}],"version-history":[{"count":1,"href":"https:\/\/centers.ulbsibiu.ro\/ccsprise\/lact\/wp-json\/wp\/v2\/posts\/6323\/revisions"}],"predecessor-version":[{"id":6324,"href":"https:\/\/centers.ulbsibiu.ro\/ccsprise\/lact\/wp-json\/wp\/v2\/posts\/6323\/revisions\/6324"}],"wp:attachment":[{"href":"https:\/\/centers.ulbsibiu.ro\/ccsprise\/lact\/wp-json\/wp\/v2\/media?parent=6323"}],"wp:term":[{"taxonomy":"category","embeddable":true,"href":"https:\/\/centers.ulbsibiu.ro\/ccsprise\/lact\/wp-json\/wp\/v2\/categories?post=6323"},{"taxonomy":"post_tag","embeddable":true,"href":"https:\/\/centers.ulbsibiu.ro\/ccsprise\/lact\/wp-json\/wp\/v2\/tags?post=6323"}],"curies":[{"name":"wp","href":"https:\/\/api.w.org\/{rel}","templated":true}]}}