{"id":6319,"date":"2019-05-16T18:22:28","date_gmt":"2019-05-16T16:22:28","guid":{"rendered":"https:\/\/centers.ulbsibiu.ro\/ccsprise\/lact\/?p=6319"},"modified":"2019-05-16T18:22:28","modified_gmt":"2019-05-16T16:22:28","slug":"gov-md-viceprim-ministrul-cristina-lesnic-a-intervenit-catre-seful-misiunii-osce-in-republica-moldova-claus-neukirch-cu-apelul-de-a-avea-o-contributie-productiva-la-rezolvarea-problemelor-din-zona","status":"publish","type":"post","link":"https:\/\/centers.ulbsibiu.ro\/ccsprise\/lact\/gov-md-viceprim-ministrul-cristina-lesnic-a-intervenit-catre-seful-misiunii-osce-in-republica-moldova-claus-neukirch-cu-apelul-de-a-avea-o-contributie-productiva-la-rezolvarea-problemelor-din-zona\/","title":{"rendered":"Gov.md &#8211; Viceprim-ministrul Cristina Lesnic a intervenit c\u0103tre \u015feful Misiunii OSCE \u00een Republica Moldova, Claus Neukirch, cu apelul de a avea o contribu\u021bie productiv\u0103 la rezolvarea problemelor din Zona de Securitate"},"content":{"rendered":"<p>Ast\u0103zi, 16 mai 2019, \u00een cadrul \u00eentrevederii cu \u015eeful Misiunii OSCE \u00een Republica Moldova, Claus Neukirch, Viceprim-ministrul Cristina Lesnic a discutat despre rezultatele vizitei recente \u00een Republica Moldova a Reprezentantului Special al Pre\u0219edin\u021biei \u00een exerci\u021biu a OSCE din partea Slovaciei pentru procesul de reglementare transnistrean\u0103, Franco Frattini, precum \u0219i a reabordat \u0219irul de probleme actuale ce necesit\u0103 o implicare constant\u0103 \u0219i din partea OSCE \u00een vederea ob\u021binerii unor solu\u021bii imediate, printre acestea figur\u00e2nd \u0219i problema a\u0219a-numitelor pl\u0103\u021bi de viniet\u0103, aplicate nelegitim de c\u0103tre structurile de facto din regiunea transnistrean\u0103 \u00een privin\u021ba conduc\u0103torilor de autovehicule, posesori de pl\u0103ci de \u00eenmatriculare de model na\u021bional \u0219i care sunt cet\u0103\u021beni ai Republicii Moldova.<\/p>\n<p>Impedimentele artificial men\u021binute de c\u0103tre Tiraspol \u00een calea liberei circula\u021bii \u00een direc\u021bia localit\u0103\u021bilor din raioanele de est ale \u021b\u0103rii la fel au fost pe agenda discu\u021biilor, fiind aduse \u00een aten\u021bie ultimele ac\u021biuni unilaterale ale reprezentan\u021bilor pretinselor structuri din regiune de limitare a liberei circula\u021bii a unor persoane, faptul c\u0103 r\u0103m\u00e2ne nesolu\u021bionat \u0219i aspectul deplas\u0103rii nestingherite \u00een\/ prin regiune a oficialilor, dar \u0219i necesitatea avans\u0103rii cu sprijinul Misiunii OSCE \u00een definitivarea unei expertize tehnice complete a podului dintre localit\u0103\u021bile Gura B\u00e2cului \u0219i B\u00e2cioc.<\/p>\n<p>\u00cen cadrul dialogului, Viceprim-ministrul a men\u021bionat c\u0103 \u00een vederea examin\u0103rii evolu\u021biilor curente pe situa\u021bia din s.Varni\u021ba din raionul Anenii Noi, \u00een contextul inform\u0103rii recep\u021bionate de la Tiraspol pe 13 mai 2019 referitor la anularea a\u0219a-numitului act regional din 25 ianuarie 2019, se va deplasa \u00een timpul apropiat cu o vizit\u0103 de documentare \u00een localitatea men\u021bionat\u0103.<\/p>\n<p>De asemenea, a fost abordat\u0103 situa\u021bia din Zona de Securitate, m\u0103surile \u00eentreprinse \u0219i cele care se impun a fi luate \u00een vederea eficientiz\u0103rii mecanismului de monitorizare, raportare \u0219i de solu\u021bionare a incidentelor ap\u0103rute, fiind reiterat\u0103 importan\u021ba unei contribu\u021bii productive a OSCE la aceste procese.<\/p>\n<p>Sursa:\u00a0<a href=\"https:\/\/gov.md\/ro\/content\/viceprim-ministrul-cristina-lesnic-intervenit-catre-seful-misiunii-osce-republica-moldova\">https:\/\/gov.md\/<\/a><\/p>\n","protected":false},"excerpt":{"rendered":"<p>Ast\u0103zi, 16 mai 2019, \u00een cadrul \u00eentrevederii cu \u015eeful Misiunii OSCE \u00een Republica Moldova, Claus Neukirch, Viceprim-ministrul Cristina Lesnic a discutat despre rezultatele vizitei recente \u00een Republica Moldova a Reprezentantului Special al Pre\u0219edin\u021biei \u00een exerci\u021biu a OSCE din partea Slovaciei pentru procesul de reglementare transnistrean\u0103, Franco Frattini, precum \u0219i a reabordat \u0219irul de probleme actuale&#8230;<\/p>\n","protected":false},"author":2,"featured_media":0,"comment_status":"closed","ping_status":"open","sticky":false,"template":"","format":"standard","meta":[],"categories":[1],"tags":[],"_links":{"self":[{"href":"https:\/\/centers.ulbsibiu.ro\/ccsprise\/lact\/wp-json\/wp\/v2\/posts\/6319"}],"collection":[{"href":"https:\/\/centers.ulbsibiu.ro\/ccsprise\/lact\/wp-json\/wp\/v2\/posts"}],"about":[{"href":"https:\/\/centers.ulbsibiu.ro\/ccsprise\/lact\/wp-json\/wp\/v2\/types\/post"}],"author":[{"embeddable":true,"href":"https:\/\/centers.ulbsibiu.ro\/ccsprise\/lact\/wp-json\/wp\/v2\/users\/2"}],"replies":[{"embeddable":true,"href":"https:\/\/centers.ulbsibiu.ro\/ccsprise\/lact\/wp-json\/wp\/v2\/comments?post=6319"}],"version-history":[{"count":1,"href":"https:\/\/centers.ulbsibiu.ro\/ccsprise\/lact\/wp-json\/wp\/v2\/posts\/6319\/revisions"}],"predecessor-version":[{"id":6320,"href":"https:\/\/centers.ulbsibiu.ro\/ccsprise\/lact\/wp-json\/wp\/v2\/posts\/6319\/revisions\/6320"}],"wp:attachment":[{"href":"https:\/\/centers.ulbsibiu.ro\/ccsprise\/lact\/wp-json\/wp\/v2\/media?parent=6319"}],"wp:term":[{"taxonomy":"category","embeddable":true,"href":"https:\/\/centers.ulbsibiu.ro\/ccsprise\/lact\/wp-json\/wp\/v2\/categories?post=6319"},{"taxonomy":"post_tag","embeddable":true,"href":"https:\/\/centers.ulbsibiu.ro\/ccsprise\/lact\/wp-json\/wp\/v2\/tags?post=6319"}],"curies":[{"name":"wp","href":"https:\/\/api.w.org\/{rel}","templated":true}]}}