{"id":6317,"date":"2019-05-16T18:20:31","date_gmt":"2019-05-16T16:20:31","guid":{"rendered":"https:\/\/centers.ulbsibiu.ro\/ccsprise\/lact\/?p=6317"},"modified":"2019-05-16T18:20:31","modified_gmt":"2019-05-16T16:20:31","slug":"publika-md-securitatea-moldovei-discutata-la-formul-fcs-din-viena-trupele-rusesti-care-stationeaza-ilegal-pe-teritoriul-tarii-noastre-trebuie-retrase","status":"publish","type":"post","link":"https:\/\/centers.ulbsibiu.ro\/ccsprise\/lact\/publika-md-securitatea-moldovei-discutata-la-formul-fcs-din-viena-trupele-rusesti-care-stationeaza-ilegal-pe-teritoriul-tarii-noastre-trebuie-retrase\/","title":{"rendered":"Publika.md &#8211; Securitatea Moldovei, discutat\u0103 la formul FCS din Viena. Trupele ruse\u015fti care sta\u0163ioneaz\u0103 ilegal pe teritoriul \u0163\u0103rii noastre trebuie retrase"},"content":{"rendered":"<p><strong>Trupele ruse\u015fti care sta\u0163ioneaz\u0103 ilegal pe teritoriul \u0163\u0103rii noastre trebuie retrase \u00eempreun\u0103 cu armamentul \u015fi muni\u0163iile pe care le de\u0163in \u00een st\u00e2nga Nistrului. Declara\u0163ia apar\u0163ine ambasadorului Republicii Moldova la Viena, Victor Osipov, care a discutat acest subiect \u00een cadrul Forumului pentru Cooperare \u00een domeniul Securit\u0103\u0163ii, desf\u0103\u015furat ieri, \u00een Capitala Austriei. <\/strong><\/p>\n<p>Diplomatul spune c\u0103 de ani buni, problema r\u0103m\u00e2ne stringent\u0103 \u015fi f\u0103r\u0103 ac\u0163iuni concrete din partea autorit\u0103\u0163ilor din Rusia. Osipov sus\u0163ine c\u0103 administra\u0163ia de la Moscova de fiecare dat\u0103 invoc\u0103 Acordul de pace din 21 iulie 1992, \u00een care sunt notate principiile solu\u0163ion\u0103rii pa\u015fnice a conflictului din regiunea transnistrean\u0103.<\/p>\n<p>Potrivit oficialului, \u00een textul documentului nu exist\u0103 nicio men\u0163iune care s\u0103 poat\u0103 fi interpretat\u0103 ca o acceptare a prezen\u0163ei militare str\u0103ine de c\u0103tre Moldova. Prezen\u0163i la \u00eentrunirea de la Viena, reprezentan\u0163ii delega\u0163iei Federa\u0163iei Ruse au declarat c\u0103 argument\u0103rile din Acordul de Pace apar\u0163in Ministerului Ap\u0103r\u0103rii de la Moscova, iar contestarea lor de c\u0103tre Misiunea Republicii Moldova va fi comunicat\u0103 \u00een capitala rus\u0103.<\/p>\n<p>Cite\u0219te mai mult: <a href=\"https:\/\/www.publika.md\/securitatea-moldovei-discutata-la-formul-fcs-din-viena-trupele-rusesti-care-stationeaza-ilegal-pe-teritoriul-tarii-noastre-trebuie-retrase_3042639.html#ixzz5o6afLpEV\">https:\/\/www.publika.md\/securitatea-moldovei-discutata-la-formul-fcs-din-viena-trupele-rusesti-care-stationeaza-ilegal-pe-teritoriul-tarii-noastre-trebuie-retrase_3042639.html#ixzz5o6afLpEV<\/a><br \/>\nFollow us: <a href=\"https:\/\/ec.tynt.com\/b\/rw?id=dWcNF856Wr5OkPrkHcnlKl&amp;u=publikatv\" target=\"_blank\" rel=\"noopener\">@publikatv on Twitter<\/a> | <a href=\"https:\/\/ec.tynt.com\/b\/rf?id=dWcNF856Wr5OkPrkHcnlKl&amp;u=publika.md\" target=\"_blank\" rel=\"noopener\">publika.md on Facebook<\/a><\/p>\n","protected":false},"excerpt":{"rendered":"<p>Trupele ruse\u015fti care sta\u0163ioneaz\u0103 ilegal pe teritoriul \u0163\u0103rii noastre trebuie retrase \u00eempreun\u0103 cu armamentul \u015fi muni\u0163iile pe care le de\u0163in \u00een st\u00e2nga Nistrului. Declara\u0163ia apar\u0163ine ambasadorului Republicii Moldova la Viena, Victor Osipov, care a discutat acest subiect \u00een cadrul Forumului pentru Cooperare \u00een domeniul Securit\u0103\u0163ii, desf\u0103\u015furat ieri, \u00een Capitala Austriei. Diplomatul spune c\u0103 de ani&#8230;<\/p>\n","protected":false},"author":2,"featured_media":0,"comment_status":"closed","ping_status":"open","sticky":false,"template":"","format":"standard","meta":[],"categories":[1],"tags":[],"_links":{"self":[{"href":"https:\/\/centers.ulbsibiu.ro\/ccsprise\/lact\/wp-json\/wp\/v2\/posts\/6317"}],"collection":[{"href":"https:\/\/centers.ulbsibiu.ro\/ccsprise\/lact\/wp-json\/wp\/v2\/posts"}],"about":[{"href":"https:\/\/centers.ulbsibiu.ro\/ccsprise\/lact\/wp-json\/wp\/v2\/types\/post"}],"author":[{"embeddable":true,"href":"https:\/\/centers.ulbsibiu.ro\/ccsprise\/lact\/wp-json\/wp\/v2\/users\/2"}],"replies":[{"embeddable":true,"href":"https:\/\/centers.ulbsibiu.ro\/ccsprise\/lact\/wp-json\/wp\/v2\/comments?post=6317"}],"version-history":[{"count":1,"href":"https:\/\/centers.ulbsibiu.ro\/ccsprise\/lact\/wp-json\/wp\/v2\/posts\/6317\/revisions"}],"predecessor-version":[{"id":6318,"href":"https:\/\/centers.ulbsibiu.ro\/ccsprise\/lact\/wp-json\/wp\/v2\/posts\/6317\/revisions\/6318"}],"wp:attachment":[{"href":"https:\/\/centers.ulbsibiu.ro\/ccsprise\/lact\/wp-json\/wp\/v2\/media?parent=6317"}],"wp:term":[{"taxonomy":"category","embeddable":true,"href":"https:\/\/centers.ulbsibiu.ro\/ccsprise\/lact\/wp-json\/wp\/v2\/categories?post=6317"},{"taxonomy":"post_tag","embeddable":true,"href":"https:\/\/centers.ulbsibiu.ro\/ccsprise\/lact\/wp-json\/wp\/v2\/tags?post=6317"}],"curies":[{"name":"wp","href":"https:\/\/api.w.org\/{rel}","templated":true}]}}