{"id":6315,"date":"2019-05-15T20:04:49","date_gmt":"2019-05-15T18:04:49","guid":{"rendered":"https:\/\/centers.ulbsibiu.ro\/ccsprise\/lact\/?p=6315"},"modified":"2019-05-15T20:04:49","modified_gmt":"2019-05-15T18:04:49","slug":"noi-md-ignatiev-dezminte-ca-tiraspolul-ar-fi-renuntat-la-varnita","status":"publish","type":"post","link":"https:\/\/centers.ulbsibiu.ro\/ccsprise\/lact\/noi-md-ignatiev-dezminte-ca-tiraspolul-ar-fi-renuntat-la-varnita\/","title":{"rendered":"Noi.md &#8211; Ignatiev dezminte c\u0103 Tiraspolul ar fi renun\u021bat la Varni\u021ba"},"content":{"rendered":"<p>Pretinsul ministru de externe de la Tiraspol, Vitali Ignatiev, a comentat renun\u021barea la decretele care vizeaz\u0103 satul Varni\u021ba.<\/p>\n<p>Ignatiev spune c\u0103 locuitorii din Varni\u021ba nu vor mai fi nevoi\u021bi s\u0103 mearg\u0103 \u00een localitatea Proteagailovka, municipiul Bender, pentru ob\u021bine acte \u0219i pentru a solu\u021biona problemele de ordin uzual.<\/p>\n<p>Pretinsul ministru de externe a declarat c\u0103 locuitorii din satul Varni\u021ba vor achita \u00een continuare utilit\u0103\u021bile \u00een ora\u0219ul Bender. Men\u021bion\u0103m c\u0103 localitatea Varni\u021ba este aprovizionat\u0103 cu utilit\u0103\u021bi din regiunea transnistrean\u0103: gaze naturale; electricitate \u0219i ap\u0103 potabil\u0103. Krasnoselski \u0219i-a anulat pretinsul decret din 25 ianuarie 2019 printr-o alt\u0103 decizie semnat\u0103 la 13 mai.<\/p>\n<p>\u201eLuni, am informat to\u021bi participan\u021bii la procesul de negocieri c\u0103 nu mai exist\u0103 necesitate ca aceast\u0103 decizie a autorit\u0103\u021bilor Transnistriei s\u0103 r\u0103m\u00een\u0103 \u00een vigoare, pentru c\u0103 din punct de vedere tehnic, nu mai exist\u0103 necesitatea ca cet\u0103\u021benii Transnistriei care locuiesc \u00een Varni\u021ba s\u0103 fie deservi\u021bi de c\u0103tre administra\u021bia satului Proteagailovka. \u00cen unele mass-media observ\u0103m o interpretare incorect\u0103 a acestei decizii\u201d, a comentat pretinsul ministru de externe de la Tiraspol.<\/p>\n<p>Cite\u0219te mai mult: <a href=\"https:\/\/noi.md\/md\/transnistria\/ignatiev-dezminte-ca-tiraspolul-ar-fi-renuntat-la-varnita?fbclid=IwAR05NYzDWKp9ojwLUymNs8Z4UiUW3boNxLz6IqHgLxE2epFzZtE_AvfCKPI\">https:\/\/noi.md\/md\/transnistria\/ignatiev-dezminte-ca-tiraspolul-ar-fi-renuntat-la-varnita?fbclid=IwAR05NYzDWKp9ojwLUymNs8Z4UiUW3boNxLz6IqHgLxE2epFzZtE_AvfCKPI<\/a><br \/>\nFacebook: <a href=\"https:\/\/www.facebook.com\/NOI.md\/\">NOI.md<\/a> | Odnoklassniki: <a href=\"https:\/\/www.ok.ru\/noi.moldova\">Noi.Moldova<\/a><\/p>\n","protected":false},"excerpt":{"rendered":"<p>Pretinsul ministru de externe de la Tiraspol, Vitali Ignatiev, a comentat renun\u021barea la decretele care vizeaz\u0103 satul Varni\u021ba. Ignatiev spune c\u0103 locuitorii din Varni\u021ba nu vor mai fi nevoi\u021bi s\u0103 mearg\u0103 \u00een localitatea Proteagailovka, municipiul Bender, pentru ob\u021bine acte \u0219i pentru a solu\u021biona problemele de ordin uzual. Pretinsul ministru de externe a declarat c\u0103 locuitorii&#8230;<\/p>\n","protected":false},"author":2,"featured_media":0,"comment_status":"closed","ping_status":"open","sticky":false,"template":"","format":"standard","meta":[],"categories":[1],"tags":[],"_links":{"self":[{"href":"https:\/\/centers.ulbsibiu.ro\/ccsprise\/lact\/wp-json\/wp\/v2\/posts\/6315"}],"collection":[{"href":"https:\/\/centers.ulbsibiu.ro\/ccsprise\/lact\/wp-json\/wp\/v2\/posts"}],"about":[{"href":"https:\/\/centers.ulbsibiu.ro\/ccsprise\/lact\/wp-json\/wp\/v2\/types\/post"}],"author":[{"embeddable":true,"href":"https:\/\/centers.ulbsibiu.ro\/ccsprise\/lact\/wp-json\/wp\/v2\/users\/2"}],"replies":[{"embeddable":true,"href":"https:\/\/centers.ulbsibiu.ro\/ccsprise\/lact\/wp-json\/wp\/v2\/comments?post=6315"}],"version-history":[{"count":1,"href":"https:\/\/centers.ulbsibiu.ro\/ccsprise\/lact\/wp-json\/wp\/v2\/posts\/6315\/revisions"}],"predecessor-version":[{"id":6316,"href":"https:\/\/centers.ulbsibiu.ro\/ccsprise\/lact\/wp-json\/wp\/v2\/posts\/6315\/revisions\/6316"}],"wp:attachment":[{"href":"https:\/\/centers.ulbsibiu.ro\/ccsprise\/lact\/wp-json\/wp\/v2\/media?parent=6315"}],"wp:term":[{"taxonomy":"category","embeddable":true,"href":"https:\/\/centers.ulbsibiu.ro\/ccsprise\/lact\/wp-json\/wp\/v2\/categories?post=6315"},{"taxonomy":"post_tag","embeddable":true,"href":"https:\/\/centers.ulbsibiu.ro\/ccsprise\/lact\/wp-json\/wp\/v2\/tags?post=6315"}],"curies":[{"name":"wp","href":"https:\/\/api.w.org\/{rel}","templated":true}]}}