{"id":6313,"date":"2019-05-15T20:00:46","date_gmt":"2019-05-15T18:00:46","guid":{"rendered":"https:\/\/centers.ulbsibiu.ro\/ccsprise\/lact\/?p=6313"},"modified":"2019-05-15T20:00:46","modified_gmt":"2019-05-15T18:00:46","slug":"gov-md-vizitele-de-lucru-la-scolile-cu-predare-in-limba-romana-din-grigoriopol-si-cocieri","status":"publish","type":"post","link":"https:\/\/centers.ulbsibiu.ro\/ccsprise\/lact\/gov-md-vizitele-de-lucru-la-scolile-cu-predare-in-limba-romana-din-grigoriopol-si-cocieri\/","title":{"rendered":"Gov.md &#8211; Vizitele de lucru la \u0219colile cu predare \u00een limba rom\u00e2n\u0103 din Grigoriopol \u0219i Cocieri"},"content":{"rendered":"<p>Pe data de 14 mai 2019, \u00een cadrul vizitelor de lucru planificate, reprezentan\u021bii Biroului politici de reintegrare au vizitat Liceul Teoretic \u201eStefan cel Mare \u0219i Sf\u00e2nt\u201d\u00a0 din or. Grigoriopol (cu sediul \u00een s. Doro\u021bcaia) \u0219i Liceul Teoretic \u201eMihai Eminescu\u201d din s. Cocieri, cu scopul document\u0103rii despre evolu\u021biile \u00eenregistrate \u00een contextul implement\u0103rii Deciziei protocolare \u201eCu privire la asigurarea func\u021bion\u0103rii \u0219colilor moldovene\u0219ti cu predare \u00een grafia latin\u0103\u201d, dar \u0219i problemele cu care se confrunt\u0103 elevii \u0219i cadrul didactic din cadrul acestor \u0219coli.<\/p>\n<p>\u00cen cadrul vizitelor au participat \u0219i reprezentan\u021bii Misiunii OSCE \u00een Moldova care au donat liceelor men\u021bionate echipament pentru utilizare \u00een procesul de instruire a elevilor cuprinz\u00e2nd un videoproiector, laptop \u0219i un set de mingi.<\/p>\n<p>Discu\u021biile au accentuat impactul pozitiv cu privire la circula\u021bia elevilor \u0219i a profesorilor, urmare a introducerii carnetelor de elev \u0219i legitima\u021biilor de profesori, precum \u0219i facilitarea procedurii de transportare a produselor alimentare \u0219i a materialelor didactice necesare pentru func\u021bionarea deplin\u0103 a \u0219colilor.<\/p>\n<p>Totu\u0219i, una din problemele stringente r\u0103m\u00e2ne a fi cea legat\u0103 de sediul Liceului Teoretic \u201e\u0218tefan cel Mare \u0219i Sf\u00e2nt\u201d, unde mai mult de 17 ani copiii se deplaseaz\u0103 \u00een s. Doro\u021bcaia pentru a studia \u00een limba rom\u00e2n\u0103.<\/p>\n<p>Reprezentan\u021bii Biroului au men\u021bionat c\u0103 autorit\u0103\u021bile de la Chi\u0219in\u0103u vor depune \u00een continuare toate eforturile pentru a solu\u021biona problemele stringente cu care se confrunt\u0103 \u0219colile moldovene\u0219ti amplasate \u00een regiunea transnistrean\u0103.<\/p>\n<p>Sursa:\u00a0<a href=\"https:\/\/gov.md\/ro\/content\/vizitele-de-lucru-la-scolile-cu-predare-limba-romana-din-grigoriopol-si-cocieri\">https:\/\/gov.md\/<\/a><\/p>\n","protected":false},"excerpt":{"rendered":"<p>Pe data de 14 mai 2019, \u00een cadrul vizitelor de lucru planificate, reprezentan\u021bii Biroului politici de reintegrare au vizitat Liceul Teoretic \u201eStefan cel Mare \u0219i Sf\u00e2nt\u201d\u00a0 din or. Grigoriopol (cu sediul \u00een s. Doro\u021bcaia) \u0219i Liceul Teoretic \u201eMihai Eminescu\u201d din s. Cocieri, cu scopul document\u0103rii despre evolu\u021biile \u00eenregistrate \u00een contextul implement\u0103rii Deciziei protocolare \u201eCu privire&#8230;<\/p>\n","protected":false},"author":2,"featured_media":0,"comment_status":"closed","ping_status":"open","sticky":false,"template":"","format":"standard","meta":[],"categories":[1],"tags":[],"_links":{"self":[{"href":"https:\/\/centers.ulbsibiu.ro\/ccsprise\/lact\/wp-json\/wp\/v2\/posts\/6313"}],"collection":[{"href":"https:\/\/centers.ulbsibiu.ro\/ccsprise\/lact\/wp-json\/wp\/v2\/posts"}],"about":[{"href":"https:\/\/centers.ulbsibiu.ro\/ccsprise\/lact\/wp-json\/wp\/v2\/types\/post"}],"author":[{"embeddable":true,"href":"https:\/\/centers.ulbsibiu.ro\/ccsprise\/lact\/wp-json\/wp\/v2\/users\/2"}],"replies":[{"embeddable":true,"href":"https:\/\/centers.ulbsibiu.ro\/ccsprise\/lact\/wp-json\/wp\/v2\/comments?post=6313"}],"version-history":[{"count":1,"href":"https:\/\/centers.ulbsibiu.ro\/ccsprise\/lact\/wp-json\/wp\/v2\/posts\/6313\/revisions"}],"predecessor-version":[{"id":6314,"href":"https:\/\/centers.ulbsibiu.ro\/ccsprise\/lact\/wp-json\/wp\/v2\/posts\/6313\/revisions\/6314"}],"wp:attachment":[{"href":"https:\/\/centers.ulbsibiu.ro\/ccsprise\/lact\/wp-json\/wp\/v2\/media?parent=6313"}],"wp:term":[{"taxonomy":"category","embeddable":true,"href":"https:\/\/centers.ulbsibiu.ro\/ccsprise\/lact\/wp-json\/wp\/v2\/categories?post=6313"},{"taxonomy":"post_tag","embeddable":true,"href":"https:\/\/centers.ulbsibiu.ro\/ccsprise\/lact\/wp-json\/wp\/v2\/tags?post=6313"}],"curies":[{"name":"wp","href":"https:\/\/api.w.org\/{rel}","templated":true}]}}