{"id":6311,"date":"2019-05-14T17:53:31","date_gmt":"2019-05-14T15:53:31","guid":{"rendered":"https:\/\/centers.ulbsibiu.ro\/ccsprise\/lact\/?p=6311"},"modified":"2019-05-14T17:53:31","modified_gmt":"2019-05-14T15:53:31","slug":"deschide-md-opinie-tiraspolul-a-cedat-la-varnita-sub-presiune-externa","status":"publish","type":"post","link":"https:\/\/centers.ulbsibiu.ro\/ccsprise\/lact\/deschide-md-opinie-tiraspolul-a-cedat-la-varnita-sub-presiune-externa\/","title":{"rendered":"Deschide.md &#8211; Opinie: Tiraspolul \u201ea cedat\u201d la Varni\u021ba sub presiune extern\u0103"},"content":{"rendered":"<p><span style=\"display: inline !important; float: none; background-color: transparent; color: #888888; font-family: 'Arimo',sans-serif; font-size: 13px; font-style: normal; font-variant: normal; font-weight: 400; letter-spacing: normal; orphans: 2; text-align: left; text-decoration: none; text-indent: 0px; text-transform: none; -webkit-text-stroke-width: 0px; white-space: normal; word-spacing: 0px;\"> Author: Vadim Vasiliu <\/span><\/p>\n<p><strong>Colonelul Ion Leahu, fost membru al delega\u021biei moldovene\u0219ti la Comisia Unificat\u0103 de Control, consider\u0103 c\u0103 decizia separati\u0219tilor de a renun\u021ba la decretul lui Krasnoselski ce vizeaz\u0103 satul Varni\u021ba, raionul Anenii Noi a fost impus din exterior, cel mai probabil de c\u0103tre OSCE. Acest lucru s-a \u00eent\u00e2mplat \u00een contextul \u00een care regimul separatist este unul rebel \u0219i a demonstrat c\u0103 nu \u021bine cont de opinia Chi\u0219in\u0103ului.<\/strong><\/p>\n<p style=\"box-sizing: border-box; -webkit-text-stroke-width: 0px; word-spacing: 0px; margin: 0in 0in 10.0pt 0in;\">Amintim c\u0103 pretinsul lider de la Tiraspol Vadim Krasnoselski a emis un pretins decret prin care a declarat satul Varni\u021ba drept teritoriu temporar administrat de Chi\u0219in\u0103u, iar administra\u021bia de facto s-ar afla \u00een satul Proteagailovca din ora\u0219ul Bender. Urmare a acestui decret, locuitorii satului Varni\u021ba, care au leg\u0103turi economice str\u00e2nse cu Benderul, erau obliga\u021bi s\u0103 mearg\u0103 la Proteagailovca pentru a ob\u021bine acte ce le permite comer\u021bul \u00een Bender, dar \u0219i alte tipuri de acte.<\/p>\n<p style=\"box-sizing: border-box; -webkit-text-stroke-width: 0px; word-spacing: 0px; margin: 0in 0in 10.0pt 0in;\">Leahu consider\u0103 c\u0103 pasul f\u0103cut de Tiraspol este consecin\u021ba influen\u021bei destul de puternice a partenerilor din exterior \u0219i \u00een special a reprezentantului special al OSCE pe reglementarea transnistrean\u0103 Franco Frattini. \u201eOSCE are nevoie de stabilitate \u00een regiunea dat\u0103, are nevoie de promovarea factorilor principali pentru aceast\u0103 organiza\u021bie: pacea \u0219i drepturile omului. \u00cen cazul dat noi ne confrunt\u0103m cu o lezare flagrant\u0103 a drepturilor omului \u0219i probabil c\u0103 reprezentan\u021bii misiunii le-au tiraspolenilor, `ori aduce\u021bi situa\u021bia de la Varni\u021ba la normalitate, ori noi discut\u0103m referitor la comer\u021bul nostru, la utilizarea preferin\u021belor comerciale` care demult au expirat \u0219.a.m.d\u201d, a declarat Ion Leahu.<\/p>\n<p>Textul complet: <span style=\"color: #000000; font-family: Times New Roman;\">\u00a0<a href=\"https:\/\/deschide.md\/ro\/stiri\/23\/48415\/Opinie-Tiraspolul-\u201ea-cedat\u201d-la-Varni\u021ba-sub-presiune-extern\u0103.htm?fbclid=IwAR1fjAxsAqWdmVfiXE_L9-gwzKk6JxObs5dzcR3g3KMQ813Q0DLY8oB1PJc\">https:\/\/deschide.md\/<\/a><\/span><\/p>\n","protected":false},"excerpt":{"rendered":"<p>Author: Vadim Vasiliu Colonelul Ion Leahu, fost membru al delega\u021biei moldovene\u0219ti la Comisia Unificat\u0103 de Control, consider\u0103 c\u0103 decizia separati\u0219tilor de a renun\u021ba la decretul lui Krasnoselski ce vizeaz\u0103 satul Varni\u021ba, raionul Anenii Noi a fost impus din exterior, cel mai probabil de c\u0103tre OSCE. Acest lucru s-a \u00eent\u00e2mplat \u00een contextul \u00een care regimul separatist&#8230;<\/p>\n","protected":false},"author":2,"featured_media":0,"comment_status":"closed","ping_status":"open","sticky":false,"template":"","format":"standard","meta":[],"categories":[1],"tags":[],"_links":{"self":[{"href":"https:\/\/centers.ulbsibiu.ro\/ccsprise\/lact\/wp-json\/wp\/v2\/posts\/6311"}],"collection":[{"href":"https:\/\/centers.ulbsibiu.ro\/ccsprise\/lact\/wp-json\/wp\/v2\/posts"}],"about":[{"href":"https:\/\/centers.ulbsibiu.ro\/ccsprise\/lact\/wp-json\/wp\/v2\/types\/post"}],"author":[{"embeddable":true,"href":"https:\/\/centers.ulbsibiu.ro\/ccsprise\/lact\/wp-json\/wp\/v2\/users\/2"}],"replies":[{"embeddable":true,"href":"https:\/\/centers.ulbsibiu.ro\/ccsprise\/lact\/wp-json\/wp\/v2\/comments?post=6311"}],"version-history":[{"count":1,"href":"https:\/\/centers.ulbsibiu.ro\/ccsprise\/lact\/wp-json\/wp\/v2\/posts\/6311\/revisions"}],"predecessor-version":[{"id":6312,"href":"https:\/\/centers.ulbsibiu.ro\/ccsprise\/lact\/wp-json\/wp\/v2\/posts\/6311\/revisions\/6312"}],"wp:attachment":[{"href":"https:\/\/centers.ulbsibiu.ro\/ccsprise\/lact\/wp-json\/wp\/v2\/media?parent=6311"}],"wp:term":[{"taxonomy":"category","embeddable":true,"href":"https:\/\/centers.ulbsibiu.ro\/ccsprise\/lact\/wp-json\/wp\/v2\/categories?post=6311"},{"taxonomy":"post_tag","embeddable":true,"href":"https:\/\/centers.ulbsibiu.ro\/ccsprise\/lact\/wp-json\/wp\/v2\/tags?post=6311"}],"curies":[{"name":"wp","href":"https:\/\/api.w.org\/{rel}","templated":true}]}}