{"id":6309,"date":"2019-05-14T17:51:08","date_gmt":"2019-05-14T15:51:08","guid":{"rendered":"https:\/\/centers.ulbsibiu.ro\/ccsprise\/lact\/?p=6309"},"modified":"2019-05-14T17:51:08","modified_gmt":"2019-05-14T15:51:08","slug":"infotag-md-seful-misiunii-osce-saluta-decizia-autoritatilor-transnistriei-de-a-renunta-la-pretentiile-referitor-la-varnita","status":"publish","type":"post","link":"https:\/\/centers.ulbsibiu.ro\/ccsprise\/lact\/infotag-md-seful-misiunii-osce-saluta-decizia-autoritatilor-transnistriei-de-a-renunta-la-pretentiile-referitor-la-varnita\/","title":{"rendered":"Infotag.md &#8211; \u015eEFUL MISIUNII OSCE SALUT\u0102 DECIZIA AUTORIT\u0102\u0162ILOR TRANSNISTRIEI DE A RENUN\u0162A LA PRETEN\u0162IILE REFERITOR LA VARNI\u0162A"},"content":{"rendered":"<p>\u0218eful Misiunii OSCE \u00een Moldova, Claus Neukirch, a salutat decizia conducerii Transnistriei de a anula decretul nr. 18 cu referire la satul Varni\u021ba.<\/p>\n<p>Potrivit agen\u0163iei INFOTAG cu referire la un comunicat al Misiunii, el consider\u0103 c\u0103 aceast\u0103 decizie \u201eva permite p\u0103r\u021bilor s\u0103 p\u0103streze \u00eencrederea construit\u0103 \u00een ultimii ani \u00een procesul de reglementare\u201d.<br \/>\n\u201eOSCE este de p\u0103rere c\u0103 situa\u0163ia satului Varni\u021ba ar trebui s\u0103 fie un exemplu de bun\u0103 cooperare \u0219i libertate de circula\u021bie \u00een beneficiul popula\u021biei. O discu\u021bie constructiv\u0103 asupra diferitelor aspecte ce vizeaz\u0103 locuitorii acestui sat controlat de Chi\u0219in\u0103u, care au leg\u0103turi str\u00e2nse cu Transnistria, ar fi extrem de benefic\u0103 pentru avansarea procesului de reglementare\u201d, a subliniat diplomatul.<br \/>\nEl a amintit c\u0103 cele 57 de state participante ale OSCE, \u00een cadrul Reuniunii Ministeriale a OSCE de la Milano din decembrie anul trecut, \u201eau reconfirmat angajamentul lor privind reglementarea cuprinz\u0103toare, pa\u0219nic\u0103 \u0219i durabil\u0103 a conflictului transnistrean, bazat\u0103 pe suveranitatea \u0219i integritatea teritorial\u0103 a Republicii Moldova \u00een cadrul hotarelor sale recunoscute pe plan interna\u021bional, cu un statut special pentru Transnistria, care s\u0103 garanteze pe deplin drepturile omului, cele politice, economice \u0219i sociale ale popula\u021biei sale\u201d.<br \/>\n\u201eEste extrem de important ca p\u0103r\u021bile s\u0103 r\u0103m\u00e2n\u0103 pe calea solu\u021biilor pragmatice \u0219i interac\u021biunii constructive, a\u0219a cum a fost recent demonstrat de partea moldoveneasc\u0103 \u00een cazul Uzinei Metalurgice Moldovene\u0219ti din Transnistria (MMZ)\u201d, a ad\u0103ugat Neukirch.<br \/>\nDup\u0103 cum a informat anterior INFOTAG, \u00een ianuarie, pre\u015fedintele autoproclamatei RMN, Vadim Krasnoselski, a semnat un decret \u00een care spune c\u0103 satul Varni\u021ba s-ar afla \u201etemporar sub controlul Republicii Moldova\u201d, iar func\u021biile de administrare sunt exercitate de structurile locale din satul Proteagailovca, subordonate regimului de la Tiraspol.<\/p>\n<p>Sursa:\u00a0<a href=\"http:\/\/www.infotag.md\/rebelion-ro\/275601\/\">http:\/\/www.infotag.md\/<\/a><\/p>\n","protected":false},"excerpt":{"rendered":"<p>\u0218eful Misiunii OSCE \u00een Moldova, Claus Neukirch, a salutat decizia conducerii Transnistriei de a anula decretul nr. 18 cu referire la satul Varni\u021ba. Potrivit agen\u0163iei INFOTAG cu referire la un comunicat al Misiunii, el consider\u0103 c\u0103 aceast\u0103 decizie \u201eva permite p\u0103r\u021bilor s\u0103 p\u0103streze \u00eencrederea construit\u0103 \u00een ultimii ani \u00een procesul de reglementare\u201d. \u201eOSCE este de&#8230;<\/p>\n","protected":false},"author":2,"featured_media":0,"comment_status":"closed","ping_status":"open","sticky":false,"template":"","format":"standard","meta":[],"categories":[1],"tags":[],"_links":{"self":[{"href":"https:\/\/centers.ulbsibiu.ro\/ccsprise\/lact\/wp-json\/wp\/v2\/posts\/6309"}],"collection":[{"href":"https:\/\/centers.ulbsibiu.ro\/ccsprise\/lact\/wp-json\/wp\/v2\/posts"}],"about":[{"href":"https:\/\/centers.ulbsibiu.ro\/ccsprise\/lact\/wp-json\/wp\/v2\/types\/post"}],"author":[{"embeddable":true,"href":"https:\/\/centers.ulbsibiu.ro\/ccsprise\/lact\/wp-json\/wp\/v2\/users\/2"}],"replies":[{"embeddable":true,"href":"https:\/\/centers.ulbsibiu.ro\/ccsprise\/lact\/wp-json\/wp\/v2\/comments?post=6309"}],"version-history":[{"count":1,"href":"https:\/\/centers.ulbsibiu.ro\/ccsprise\/lact\/wp-json\/wp\/v2\/posts\/6309\/revisions"}],"predecessor-version":[{"id":6310,"href":"https:\/\/centers.ulbsibiu.ro\/ccsprise\/lact\/wp-json\/wp\/v2\/posts\/6309\/revisions\/6310"}],"wp:attachment":[{"href":"https:\/\/centers.ulbsibiu.ro\/ccsprise\/lact\/wp-json\/wp\/v2\/media?parent=6309"}],"wp:term":[{"taxonomy":"category","embeddable":true,"href":"https:\/\/centers.ulbsibiu.ro\/ccsprise\/lact\/wp-json\/wp\/v2\/categories?post=6309"},{"taxonomy":"post_tag","embeddable":true,"href":"https:\/\/centers.ulbsibiu.ro\/ccsprise\/lact\/wp-json\/wp\/v2\/tags?post=6309"}],"curies":[{"name":"wp","href":"https:\/\/api.w.org\/{rel}","templated":true}]}}