{"id":6307,"date":"2019-05-14T17:49:16","date_gmt":"2019-05-14T15:49:16","guid":{"rendered":"https:\/\/centers.ulbsibiu.ro\/ccsprise\/lact\/?p=6307"},"modified":"2020-06-12T12:12:51","modified_gmt":"2020-06-12T10:12:51","slug":"moldova-europalibera-org-vladislav-kulminski-guvernul-si-societatea-civila-au-responsabilitatea-unei-abordari-strategice-a-reglementarii-transnistrene","status":"publish","type":"post","link":"https:\/\/centers.ulbsibiu.ro\/ccsprise\/lact\/moldova-europalibera-org-vladislav-kulminski-guvernul-si-societatea-civila-au-responsabilitatea-unei-abordari-strategice-a-reglementarii-transnistrene\/","title":{"rendered":"Moldova.europalibera.org &#8211; Vladislav Kulminski: Guvernul \u0219i societatea civil\u0103 au responsabilitatea unei abord\u0103ri strategice a reglement\u0103rii transnistrene"},"content":{"rendered":"<ul class=\"links__list links__list--column\">\n<li class=\"links__item\"><a class=\"links__item-link\" title=\"Liliana Barb\u0103ro\u0219ie\" href=\"https:\/\/moldova.europalibera.org\/author\/20469.html\">Liliana Barb\u0103ro\u0219ie<\/a><\/li>\n<li class=\"links__item\"><a class=\"links__item-link\" title=\"Iulian Ciocan\" href=\"https:\/\/moldova.europalibera.org\/author\/20468.html\">Iulian Ciocan<\/a><\/li>\n<\/ul>\n<div class=\"intro intro--bold\">\n<p>Interviul dimine\u021bii cu directorul executiv al Institutului pentru Ini\u0163iative Strategice de la Chi\u015fin\u0103u.<\/p>\n<\/div>\n<div id=\"article-content\" class=\"content-floated-wrap fb-quotable\">\n<div class=\"wsw\">\n<p><em>Franco Frattini, emisarul OSCE pentru reglementarea crizei transnistrene, motivat de dorin\u021ba de a mi\u0219c\u0103 lucrurile \u201edintr-un punct mort\u201d \u0219i b\u0103nuit de simpatii pentru liderii moscovi\u021bi, a efectuat o vizita la Chi\u0219in\u0103u. Cu ce scop \u015fi ce rezultate, \u00eel vom \u00eentreba ast\u0103zi pe analistul Vladislav Kulminski, director executiv al Institutului pentru Ini\u0163iative Strategice de la Chi\u015fin\u0103u<\/em>.<\/p>\n<p>Textul complet:\u00a0<a href=\"https:\/\/moldova.europalibera.org\/a\/vladislav-kulminski-guvernul-\u0219i-societatea-civil\u0103-au-responsabilitatea-unei-abord\u0103ri-strategice-a-reglement\u0103rii-transnistrene\/29937074.html\">https:\/\/moldova.europalibera.org\/<\/a><\/p>\n<\/div>\n<\/div>\n","protected":false},"excerpt":{"rendered":"<p>Liliana Barb\u0103ro\u0219ie Iulian Ciocan Interviul dimine\u021bii cu directorul executiv al Institutului pentru Ini\u0163iative Strategice de la Chi\u015fin\u0103u. Franco Frattini, emisarul OSCE pentru reglementarea crizei transnistrene, motivat de dorin\u021ba de a mi\u0219c\u0103 lucrurile \u201edintr-un punct mort\u201d \u0219i b\u0103nuit de simpatii pentru liderii moscovi\u021bi, a efectuat o vizita la Chi\u0219in\u0103u. Cu ce scop \u015fi ce rezultate, \u00eel&#8230;<\/p>\n","protected":false},"author":2,"featured_media":0,"comment_status":"closed","ping_status":"open","sticky":false,"template":"","format":"standard","meta":[],"categories":[1],"tags":[],"_links":{"self":[{"href":"https:\/\/centers.ulbsibiu.ro\/ccsprise\/lact\/wp-json\/wp\/v2\/posts\/6307"}],"collection":[{"href":"https:\/\/centers.ulbsibiu.ro\/ccsprise\/lact\/wp-json\/wp\/v2\/posts"}],"about":[{"href":"https:\/\/centers.ulbsibiu.ro\/ccsprise\/lact\/wp-json\/wp\/v2\/types\/post"}],"author":[{"embeddable":true,"href":"https:\/\/centers.ulbsibiu.ro\/ccsprise\/lact\/wp-json\/wp\/v2\/users\/2"}],"replies":[{"embeddable":true,"href":"https:\/\/centers.ulbsibiu.ro\/ccsprise\/lact\/wp-json\/wp\/v2\/comments?post=6307"}],"version-history":[{"count":1,"href":"https:\/\/centers.ulbsibiu.ro\/ccsprise\/lact\/wp-json\/wp\/v2\/posts\/6307\/revisions"}],"predecessor-version":[{"id":6308,"href":"https:\/\/centers.ulbsibiu.ro\/ccsprise\/lact\/wp-json\/wp\/v2\/posts\/6307\/revisions\/6308"}],"wp:attachment":[{"href":"https:\/\/centers.ulbsibiu.ro\/ccsprise\/lact\/wp-json\/wp\/v2\/media?parent=6307"}],"wp:term":[{"taxonomy":"category","embeddable":true,"href":"https:\/\/centers.ulbsibiu.ro\/ccsprise\/lact\/wp-json\/wp\/v2\/categories?post=6307"},{"taxonomy":"post_tag","embeddable":true,"href":"https:\/\/centers.ulbsibiu.ro\/ccsprise\/lact\/wp-json\/wp\/v2\/tags?post=6307"}],"curies":[{"name":"wp","href":"https:\/\/api.w.org\/{rel}","templated":true}]}}