{"id":6303,"date":"2019-05-13T18:42:33","date_gmt":"2019-05-13T16:42:33","guid":{"rendered":"https:\/\/centers.ulbsibiu.ro\/ccsprise\/lact\/?p=6303"},"modified":"2019-05-13T18:42:33","modified_gmt":"2019-05-13T16:42:33","slug":"noi-md-cind-ar-putea-fi-reluate-negocierile-in-formatul-52","status":"publish","type":"post","link":"https:\/\/centers.ulbsibiu.ro\/ccsprise\/lact\/noi-md-cind-ar-putea-fi-reluate-negocierile-in-formatul-52\/","title":{"rendered":"Noi.md &#8211; C\u00eend ar putea fi reluate negocierile \u00een formatul &#8220;5+2&#8221;"},"content":{"rendered":"<p>Reprezentantul OSCE pentru reglementare transnistrean\u0103, Franco Frattini, a anun\u0163at c\u0103 urm\u0103toarea rund\u0103 de negocieri \u00een formatul \u201e5+2\u201d va avea loc nu mai t\u00eerziu de luna septembrie.<\/p>\n<p>Oficialul a avut o \u00eentrevedere, s\u00eemb\u0103t\u0103, cu liderul autoproclamat de la Tiraspol \u015fi au convenit asupra continu\u0103rii procesului de negocieri.<\/p>\n<p>Pentru a avea loc \u00eentrunirea \u00een formatul \u201e5+2\u201d, mai \u00eent\u00eei se vor \u00eent\u00eelni membrii delega\u0163iei din formatul \u201e3+2\u201d. Potrivit reprezentantului OSCE, mediatorii din Rusia, Ucraina, OSCE \u015fi observatorii Uniunii Europene \u015fi SUA vor veni \u00een Republica Moldova \u00een luna iunie.<\/p>\n<p>De\u015fi s\u00eemb\u0103t\u0103, Franco Frattini a promis c\u0103 va cere socoteal\u0103 autorit\u0103\u0163ilor de la Tiraspol privind introducerea vinietei pentru \u015foferii de pe malul drept al Nistrului, din informatiile oferite de la conferin\u0163\u0103, nu se men\u0163ioneaz\u0103 nimic pe marginea acestui subiect.<\/p>\n<p>Sistemul prevede taxarea per persoan\u0103 \u015fi nu per vehicul, cu 100 de euro pentru un an.Reamintim c\u0103 reprezentantul OSCE a discutat s\u00eemb\u0103t\u0103, la Chi\u015fin\u0103u, \u015fi cu vicepremierul pentru Reintegrare al Republicii Moldova.<\/p>\n<p>Cite\u0219te mai mult: <a href=\"https:\/\/noi.md\/md\/politica\/cind-ar-putea-fi-reluate-negocierile-in-formatul-5-2\">https:\/\/noi.md\/md\/politica\/cind-ar-putea-fi-reluate-negocierile-in-formatul-5-2<\/a><br \/>\nFacebook: <a href=\"https:\/\/www.facebook.com\/NOI.md\/\">NOI.md<\/a> | Odnoklassniki: <a href=\"https:\/\/www.ok.ru\/noi.moldova\">Noi.Moldova<\/a><\/p>\n","protected":false},"excerpt":{"rendered":"<p>Reprezentantul OSCE pentru reglementare transnistrean\u0103, Franco Frattini, a anun\u0163at c\u0103 urm\u0103toarea rund\u0103 de negocieri \u00een formatul \u201e5+2\u201d va avea loc nu mai t\u00eerziu de luna septembrie. Oficialul a avut o \u00eentrevedere, s\u00eemb\u0103t\u0103, cu liderul autoproclamat de la Tiraspol \u015fi au convenit asupra continu\u0103rii procesului de negocieri. Pentru a avea loc \u00eentrunirea \u00een formatul \u201e5+2\u201d, mai&#8230;<\/p>\n","protected":false},"author":2,"featured_media":0,"comment_status":"closed","ping_status":"open","sticky":false,"template":"","format":"standard","meta":[],"categories":[1],"tags":[],"_links":{"self":[{"href":"https:\/\/centers.ulbsibiu.ro\/ccsprise\/lact\/wp-json\/wp\/v2\/posts\/6303"}],"collection":[{"href":"https:\/\/centers.ulbsibiu.ro\/ccsprise\/lact\/wp-json\/wp\/v2\/posts"}],"about":[{"href":"https:\/\/centers.ulbsibiu.ro\/ccsprise\/lact\/wp-json\/wp\/v2\/types\/post"}],"author":[{"embeddable":true,"href":"https:\/\/centers.ulbsibiu.ro\/ccsprise\/lact\/wp-json\/wp\/v2\/users\/2"}],"replies":[{"embeddable":true,"href":"https:\/\/centers.ulbsibiu.ro\/ccsprise\/lact\/wp-json\/wp\/v2\/comments?post=6303"}],"version-history":[{"count":1,"href":"https:\/\/centers.ulbsibiu.ro\/ccsprise\/lact\/wp-json\/wp\/v2\/posts\/6303\/revisions"}],"predecessor-version":[{"id":6304,"href":"https:\/\/centers.ulbsibiu.ro\/ccsprise\/lact\/wp-json\/wp\/v2\/posts\/6303\/revisions\/6304"}],"wp:attachment":[{"href":"https:\/\/centers.ulbsibiu.ro\/ccsprise\/lact\/wp-json\/wp\/v2\/media?parent=6303"}],"wp:term":[{"taxonomy":"category","embeddable":true,"href":"https:\/\/centers.ulbsibiu.ro\/ccsprise\/lact\/wp-json\/wp\/v2\/categories?post=6303"},{"taxonomy":"post_tag","embeddable":true,"href":"https:\/\/centers.ulbsibiu.ro\/ccsprise\/lact\/wp-json\/wp\/v2\/tags?post=6303"}],"curies":[{"name":"wp","href":"https:\/\/api.w.org\/{rel}","templated":true}]}}