{"id":6301,"date":"2019-05-13T18:41:01","date_gmt":"2019-05-13T16:41:01","guid":{"rendered":"https:\/\/centers.ulbsibiu.ro\/ccsprise\/lact\/?p=6301"},"modified":"2019-05-13T18:41:01","modified_gmt":"2019-05-13T16:41:01","slug":"deschide-md-frattini-isi-baga-nasul-in-pg-biroul-de-reintegrare-considera-ca-osce-ului-nu-i-fierbe-oala-acolo","status":"publish","type":"post","link":"https:\/\/centers.ulbsibiu.ro\/ccsprise\/lact\/deschide-md-frattini-isi-baga-nasul-in-pg-biroul-de-reintegrare-considera-ca-osce-ului-nu-i-fierbe-oala-acolo\/","title":{"rendered":"Deschide.md &#8211; Frattini \u201e\u00ee\u0219i bag\u0103 nasul\u201d \u00een PG. Biroul de Reintegrare consider\u0103 c\u0103 OSCE-ului nu-i fierbe oala acolo"},"content":{"rendered":"<p><span style=\"display: inline !important; float: none; background-color: transparent; color: #888888; font-family: 'Arimo',sans-serif; font-size: 13px; font-style: normal; font-variant: normal; font-weight: 400; letter-spacing: normal; orphans: 2; text-align: left; text-decoration: none; text-indent: 0px; text-transform: none; -webkit-text-stroke-width: 0px; white-space: normal; word-spacing: 0px;\">Author: Vadim Vasiliu <\/span><\/p>\n<p>Reprezentantul special al OSCE pentru reglementarea transnistrean\u0103, Franco Frattini va trimite o scrisoare oficial\u0103 Procurorului General din Republica Moldova \u00een care va cere informa\u021bii despre dosarele penale ini\u021biate fa\u021b\u0103 de reziden\u021bi din regiunea transnistrean\u0103. Diplomatul italian a declarat c\u0103 aceast\u0103 problem\u0103 trebuie monitorizat\u0103 \u0219i solu\u021bionat\u0103. Biroul de Reintegrare a declarat c\u0103 sistemul judiciar \u0219i procesele penale nu poate fi obiect de negocieri, din moment ce se respect\u0103 principiul separ\u0103rii puterilor \u00een stat.<\/p>\n<p>\u201eS\u0103pt\u0103m\u00e2na viitoare, Misiunea OSCE va trimite procurorului general o cerere de informa\u021bii privind num\u0103rul de dosare penale ini\u021biate, pentru ce infrac\u021biuni au fost ini\u021biate \u0219i dac\u0103 exist\u0103 cauze penale noi. Acesta va fi \u00eenceputul unei monitoriz\u0103ri pe care \u00eel vom realiza \u00eempreun\u0103 cu Procuratura General\u0103, deoarece trebuie s\u0103 rezolv\u0103m aceast\u0103 problem\u0103\u201d, a declarat Frattini \u00een cadrul \u00eentrevederii pe care a avut-o vineri, 10 mai, cu liderul separatist Vadim Krasnoselski, citat de serviciul de pres\u0103 al liderului separatist.<\/p>\n<p>Contactat de Deschide.MD, \u0219eful adjunct al Biroului pentru Politici de Reintegrare, Alin Gvidiani, a declarat c\u0103 procesele penale nu pot fi obiect de negocieri. Mai mult, Gvidiani a spus c\u0103 imixtiunea \u00een sistemul judiciar este interzis\u0103 prin lege \u0219i este urm\u0103rit\u0103 penal.<\/p>\n<p>\u201eNoi am accentuat c\u0103 aspectele ce \u021bin de \u00eenf\u0103ptuirea justi\u021biei, organele de drept nu \u021bin de mandatul negociatorilor, pentru c\u0103 exist\u0103 separa\u021bia puterilor \u00een stat. Orice ingerin\u021b\u0103 (\u00een sistemul judiciar) este interzis\u0103 prin lege \u0219i exist\u0103 r\u0103spundere juridic\u0103 pentru asta. Exist\u0103 o procedur\u0103 descris\u0103 \u00een legisla\u021bie, circumstan\u021bele \u00een care persoana se elibereaz\u0103 de r\u0103spundere penal\u0103. Una dintre aceste posibilit\u0103\u021bi este \u00eemp\u0103carea victimei cu persoana culpabil\u0103. Sunt proceduri standard\u201d, a declarat Gvidiani.<\/p>\n<p>Chi\u0219in\u0103ul ar fi ini\u021biat p\u00e2n\u0103 acum peste 200 de cauze penale fa\u021b\u0103 de reprezentan\u021bi ai autorit\u0103\u021bilor din Transnistria, fa\u021b\u0103 de oameni de afaceri \u0219i al\u021bi reziden\u021bi din regiune. Toate aceste cauze, scrie presa transnistrean\u0103, ar fi fost ini\u021biate din motive politice. Cauzele penale au fost deschide \u00een primul r\u00e2nd fa\u021b\u0103 de mili\u021bieni \u0219i persoane din structurile de for\u021b\u0103, incrimin\u00e2ndu-li-se atribuirea \u00eemputernicirilor.<\/p>\n<p>Alin Gvidiani a declarat c\u0103 sintagma \u201ecauze penale motivate politic\u201d este inventat\u0103 la Tiraspol \u0219i c\u0103, de fapt, statul este obligat prin Constitu\u021bie s\u0103 protejeze drepturile \u0219i libert\u0103\u021bile tuturor cet\u0103\u021benilor. Totodat\u0103, \u00een cazul \u00een care cet\u0103\u021beanului nu i se asigur\u0103 dreptul la justi\u021bie corect\u0103, de exemplu p\u0103r\u021bii v\u0103t\u0103mate, statul Republica Moldova poate r\u0103spunde pentru asta la CEDO. \u201eAceasta (cauze penale motivate politic) este o sintagm\u0103 inventat\u0103 la Tiraspol. Noi avem o situa\u021bie specific\u0103, avem o regiune aflat\u0103 \u00een afara controlului autorit\u0103\u021bilor constitu\u021bionale. Acolo exist\u0103 structuri care \u00ee\u0219i asum\u0103 prerogative care nu sunt reflectate prin lege. Noi \u00eencerc\u0103m s\u0103 utiliz\u0103m mesaje diplomatice, realitatea \u00eens\u0103 este c\u0103 trebuie \u00eencetat\u0103 lezarea drepturilor \u0219i libert\u0103\u021bilor persoanelor. Noi avem cauze la CEDO unde sunt vizate guvernele Republicii Moldova \u0219i a Federa\u021biei Ruse. De fiecare dat\u0103 trebuie s\u0103 demonstr\u0103m ce am \u00eentreprins ca s\u0103 protej\u0103m \u0219i s\u0103 garant\u0103m drepturile cet\u0103\u021benilor\u201d, a subliniat Gvidiani.<\/p>\n<p>Procuratura General\u0103 ne-a informat c\u0103 nu a primit la ziua de luni, 13 mai, un demers de la Franco Frattini.<\/p>\n<p>Problema cauzelor penale este una prioritar\u0103 pentru anul 2019 pentru a\u0219a-zisa diploma\u021bie transnistrean\u0103. Solu\u021bionarea acesteia \u00een interesul regimului separatist ar fi \u00eenc\u0103 o concesie din partea Chi\u0219in\u0103ului. Amintim c\u0103 dup\u0103 semnarea \u201eProtocolului de la Berlin\u201d, Chi\u0219in\u0103ul a oferit numere de \u00eenmatriculare neutre transportului din regiunea transnistrean\u0103 pentru circula\u021bie interna\u021bional\u0103 \u0219i apostile pentru diplomele emise de universitatea Taras \u0218evcenko din Tiraspol. Toate acestea s-au realizat cu medierea lui Franco Frattini. Totodat\u0103, Tiraspolul a r\u0103spuns cu decrete prin care satul Varni\u021ba a fost declarat teritoriu ce se afl\u0103 temporar sub administra\u021bia Chi\u0219in\u0103ului, decret anulat recent, \u0219i impunerea unei taxe de viniet\u0103 pentru automobilele din dreapta Nistrului.<\/p>\n<p>Sursa:\u00a0<a href=\"https:\/\/deschide.md\/ro\/stiri\/23\/48370\/Frattini-\u201e\u00ee\u0219i-bag\u0103-nasul\u201d-\u00een-PG-Biroul-de-Reintegrare-consider\u0103-c\u0103-OSCE-ului-nu-i-fierbe-oala-acolo.htm\">https:\/\/deschide.md\/<\/a><\/p>\n<p dir=\"ltr\">\n","protected":false},"excerpt":{"rendered":"<p>Author: Vadim Vasiliu Reprezentantul special al OSCE pentru reglementarea transnistrean\u0103, Franco Frattini va trimite o scrisoare oficial\u0103 Procurorului General din Republica Moldova \u00een care va cere informa\u021bii despre dosarele penale ini\u021biate fa\u021b\u0103 de reziden\u021bi din regiunea transnistrean\u0103. Diplomatul italian a declarat c\u0103 aceast\u0103 problem\u0103 trebuie monitorizat\u0103 \u0219i solu\u021bionat\u0103. Biroul de Reintegrare a declarat c\u0103 sistemul&#8230;<\/p>\n","protected":false},"author":2,"featured_media":0,"comment_status":"closed","ping_status":"open","sticky":false,"template":"","format":"standard","meta":[],"categories":[1],"tags":[],"_links":{"self":[{"href":"https:\/\/centers.ulbsibiu.ro\/ccsprise\/lact\/wp-json\/wp\/v2\/posts\/6301"}],"collection":[{"href":"https:\/\/centers.ulbsibiu.ro\/ccsprise\/lact\/wp-json\/wp\/v2\/posts"}],"about":[{"href":"https:\/\/centers.ulbsibiu.ro\/ccsprise\/lact\/wp-json\/wp\/v2\/types\/post"}],"author":[{"embeddable":true,"href":"https:\/\/centers.ulbsibiu.ro\/ccsprise\/lact\/wp-json\/wp\/v2\/users\/2"}],"replies":[{"embeddable":true,"href":"https:\/\/centers.ulbsibiu.ro\/ccsprise\/lact\/wp-json\/wp\/v2\/comments?post=6301"}],"version-history":[{"count":1,"href":"https:\/\/centers.ulbsibiu.ro\/ccsprise\/lact\/wp-json\/wp\/v2\/posts\/6301\/revisions"}],"predecessor-version":[{"id":6302,"href":"https:\/\/centers.ulbsibiu.ro\/ccsprise\/lact\/wp-json\/wp\/v2\/posts\/6301\/revisions\/6302"}],"wp:attachment":[{"href":"https:\/\/centers.ulbsibiu.ro\/ccsprise\/lact\/wp-json\/wp\/v2\/media?parent=6301"}],"wp:term":[{"taxonomy":"category","embeddable":true,"href":"https:\/\/centers.ulbsibiu.ro\/ccsprise\/lact\/wp-json\/wp\/v2\/categories?post=6301"},{"taxonomy":"post_tag","embeddable":true,"href":"https:\/\/centers.ulbsibiu.ro\/ccsprise\/lact\/wp-json\/wp\/v2\/tags?post=6301"}],"curies":[{"name":"wp","href":"https:\/\/api.w.org\/{rel}","templated":true}]}}