{"id":6299,"date":"2019-05-13T18:37:59","date_gmt":"2019-05-13T16:37:59","guid":{"rendered":"https:\/\/centers.ulbsibiu.ro\/ccsprise\/lact\/?p=6299"},"modified":"2019-05-13T18:37:59","modified_gmt":"2019-05-13T16:37:59","slug":"ziarulnational-md-frattini-interesat-de-dosarele-penale-deschise-la-chisinau-pe-numele-asa-zisilor-functionari-de-la-tiraspol-la-solicitarea-separatistilor","status":"publish","type":"post","link":"https:\/\/centers.ulbsibiu.ro\/ccsprise\/lact\/ziarulnational-md-frattini-interesat-de-dosarele-penale-deschise-la-chisinau-pe-numele-asa-zisilor-functionari-de-la-tiraspol-la-solicitarea-separatistilor\/","title":{"rendered":"Ziarulnational.md &#8211; Frattini, interesat de dosarele penale deschise la Chi\u0219in\u0103u pe numele a\u0219a-zi\u0219ilor func\u021bionari de la Tiraspol, la solicitarea separati\u0219tilor"},"content":{"rendered":"<p><span style=\"display: inline !important; float: none; background-color: transparent; color: #383536; font-family: 'Open Sans',sans-serif; font-size: 16px; font-style: normal; font-variant: normal; font-weight: 400; letter-spacing: normal; orphans: 2; text-align: left; text-decoration: none; text-indent: 0px; text-transform: none; -webkit-text-stroke-width: 0px; white-space: normal; word-spacing: 0px;\">OSCE va expedia o scrisoare procurorului general al R. Moldova, prin care va solicita informa\u0163ii despre num\u0103rul dosarelor penale existente ast\u0103zi pe numele a\u0219a-zi\u0219ilor func\u0163ionari transnistreni, despre infrac\u0163iuni \u015fi dac\u0103 sunt deschise noi cauze penale.<\/span><br \/>\n<span style=\"display: inline !important; float: none; background-color: transparent; color: #383536; font-family: 'Open Sans',sans-serif; font-size: 16px; font-style: normal; font-variant: normal; font-weight: 400; letter-spacing: normal; orphans: 2; text-align: left; text-decoration: none; text-indent: 0px; text-transform: none; -webkit-text-stroke-width: 0px; white-space: normal; word-spacing: 0px;\">Potrivit pretinsului pre\u015fedinte al autoproclamatei rmn, Vadim Krasnoselski, anun\u021bul a fost f\u0103cut la sf\u00e2r\u015fitul s\u0103pt\u0103m\u00e2nii trecute de c\u0103tre reprezentantul special al pre\u015fedintelui \u00een exerci\u0163iu al OSCE, Franco Frattini, \u00een cadrul vizitei sale la Tiraspol. El a fost \u00eenso\u0163it de Ambasadorul Slovaciei \u00een R. Moldova, Dusan Dacho, Ambasadoarea Italiei, Valeria Biagiotti, \u0219i \u015feful Misiunii OSCE \u00een Moldova, Claus Neukirch. <\/span><br \/>\n<span style=\"display: inline !important; float: none; background-color: transparent; color: #383536; font-family: 'Open Sans',sans-serif; font-size: 16px; font-style: normal; font-variant: normal; font-weight: 400; letter-spacing: normal; orphans: 2; text-align: left; text-decoration: none; text-indent: 0px; text-transform: none; -webkit-text-stroke-width: 0px; white-space: normal; word-spacing: 0px;\">Potrivit lui Frattini, scrisoarea c\u0103tre procurorul general \u201eva servi drept \u00eenceput al monitoriz\u0103rii pe care OSCE inten\u0163ioneaz\u0103 s\u0103-l desf\u0103\u015foare \u00eempreun\u0103 cu Procuratura General\u0103&#8221;.<\/span><br \/>\n<span style=\"display: inline !important; float: none; background-color: transparent; color: #383536; font-family: 'Open Sans',sans-serif; font-size: 16px; font-style: normal; font-variant: normal; font-weight: 400; letter-spacing: normal; orphans: 2; text-align: left; text-decoration: none; text-indent: 0px; text-transform: none; -webkit-text-stroke-width: 0px; white-space: normal; word-spacing: 0px;\">\u201eTrebuie s\u0103 rezolv\u0103m aceast\u0103 problem\u0103, deoarece exist\u0103 progrese, de exemplu, \u00een problema terenurilor agricole din raionul Dub\u0103sari&#8221;, a spus el, citat de <\/span><a href=\"http:\/\/tvrmoldova.md\/justitie\/osce-va-solicita-informatii-de-la-procurorul-general-despre-dosarele-penale-pe-numele-functionarilor-transnistreni\/\" target=\"_blank\" rel=\"noopener\">tvrmoldova.md<\/a><span style=\"display: inline !important; float: none; background-color: transparent; color: #383536; font-family: 'Open Sans',sans-serif; font-size: 16px; font-style: normal; font-variant: normal; font-weight: 400; letter-spacing: normal; orphans: 2; text-align: left; text-decoration: none; text-indent: 0px; text-transform: none; -webkit-text-stroke-width: 0px; white-space: normal; word-spacing: 0px;\">, subliniind c\u0103 OSCE sus\u0163ine necesitatea de a relua activitatea tuturor grupurilor de lucru \u00een care sunt abordate problemele actuale.<\/span><br \/>\n<span style=\"display: inline !important; float: none; background-color: transparent; color: #383536; font-family: 'Open Sans',sans-serif; font-size: 16px; font-style: normal; font-variant: normal; font-weight: 400; letter-spacing: normal; orphans: 2; text-align: left; text-decoration: none; text-indent: 0px; text-transform: none; -webkit-text-stroke-width: 0px; white-space: normal; word-spacing: 0px;\">\u201eS\u0103pt\u0103m\u00e2na viitoare voi merge la Viena. Planific s\u0103 comunic cu ambasadorii OSCE, cu domnul Miroslav Lajcak (actualul pre\u015fedinte al OSCE). Voi discuta \u015fi despre organizarea \u00eent\u00e2lnirilor participan\u0163ilor la procesul de negocieri. Cred c\u0103 \u00een luna iunie este posibil\u0103 o vizit\u0103 \u00een formatul \u201e3+2&#8243;. Multe vor depinde de formarea Guvernului Republicii Moldova. Dar o vizit\u0103 \u00een formatul \u201e3+2&#8243; poate fi organizat\u0103 indiferent de aceasta. Voi discuta cu domnul Lajcak despre posibilitatea de a organiza o \u00eent\u00e2lnire \u00een formatul \u201e5+2&#8243; \u00een iulie sau septembrie&#8221;, a spus Frattini.<\/span><\/p>\n<p><span style=\"display: inline !important; float: none; background-color: transparent; color: #383536; font-family: 'Open Sans',sans-serif; font-size: 16px; font-style: normal; font-variant: normal; font-weight: 400; letter-spacing: normal; orphans: 2; text-align: left; text-decoration: none; text-indent: 0px; text-transform: none; -webkit-text-stroke-width: 0px; white-space: normal; word-spacing: 0px;\">Krasnoselski a f\u0103cut haz de criza politic\u0103 de la Chi\u0219in\u0103u: \u201e\u00cen Moldova \u00eenc\u0103 nu a fost eliminat\u0103 complet criza politic\u0103. Le dorim vecinilor no\u015ftri stabilitate \u015fi consens. Anume de aceasta depinde \u00eenaintarea \u00een procesul de negocieri\u201d.<\/span><\/p>\n<p>Textul complet:\u00a0<a href=\"https:\/\/www.ziarulnational.md\/frattini-interesat-de-dosarele-penale-deschise-la-chisinau-pe-numele-asa-zisilor-functionari-de-la-tiraspol-la-solicitarea-separatistilor\/\">https:\/\/www.ziarulnational.md\/<\/a><\/p>\n","protected":false},"excerpt":{"rendered":"<p>OSCE va expedia o scrisoare procurorului general al R. Moldova, prin care va solicita informa\u0163ii despre num\u0103rul dosarelor penale existente ast\u0103zi pe numele a\u0219a-zi\u0219ilor func\u0163ionari transnistreni, despre infrac\u0163iuni \u015fi dac\u0103 sunt deschise noi cauze penale. Potrivit pretinsului pre\u015fedinte al autoproclamatei rmn, Vadim Krasnoselski, anun\u021bul a fost f\u0103cut la sf\u00e2r\u015fitul s\u0103pt\u0103m\u00e2nii trecute de c\u0103tre reprezentantul special&#8230;<\/p>\n","protected":false},"author":2,"featured_media":0,"comment_status":"closed","ping_status":"open","sticky":false,"template":"","format":"standard","meta":[],"categories":[1],"tags":[],"_links":{"self":[{"href":"https:\/\/centers.ulbsibiu.ro\/ccsprise\/lact\/wp-json\/wp\/v2\/posts\/6299"}],"collection":[{"href":"https:\/\/centers.ulbsibiu.ro\/ccsprise\/lact\/wp-json\/wp\/v2\/posts"}],"about":[{"href":"https:\/\/centers.ulbsibiu.ro\/ccsprise\/lact\/wp-json\/wp\/v2\/types\/post"}],"author":[{"embeddable":true,"href":"https:\/\/centers.ulbsibiu.ro\/ccsprise\/lact\/wp-json\/wp\/v2\/users\/2"}],"replies":[{"embeddable":true,"href":"https:\/\/centers.ulbsibiu.ro\/ccsprise\/lact\/wp-json\/wp\/v2\/comments?post=6299"}],"version-history":[{"count":1,"href":"https:\/\/centers.ulbsibiu.ro\/ccsprise\/lact\/wp-json\/wp\/v2\/posts\/6299\/revisions"}],"predecessor-version":[{"id":6300,"href":"https:\/\/centers.ulbsibiu.ro\/ccsprise\/lact\/wp-json\/wp\/v2\/posts\/6299\/revisions\/6300"}],"wp:attachment":[{"href":"https:\/\/centers.ulbsibiu.ro\/ccsprise\/lact\/wp-json\/wp\/v2\/media?parent=6299"}],"wp:term":[{"taxonomy":"category","embeddable":true,"href":"https:\/\/centers.ulbsibiu.ro\/ccsprise\/lact\/wp-json\/wp\/v2\/categories?post=6299"},{"taxonomy":"post_tag","embeddable":true,"href":"https:\/\/centers.ulbsibiu.ro\/ccsprise\/lact\/wp-json\/wp\/v2\/tags?post=6299"}],"curies":[{"name":"wp","href":"https:\/\/api.w.org\/{rel}","templated":true}]}}