{"id":6297,"date":"2019-05-13T18:35:31","date_gmt":"2019-05-13T16:35:31","guid":{"rendered":"https:\/\/centers.ulbsibiu.ro\/ccsprise\/lact\/?p=6297"},"modified":"2019-05-13T18:35:31","modified_gmt":"2019-05-13T16:35:31","slug":"gov-md-vizita-de-lucru-la-liceul-teoretic-evrika-din-orasul-rabnita","status":"publish","type":"post","link":"https:\/\/centers.ulbsibiu.ro\/ccsprise\/lact\/gov-md-vizita-de-lucru-la-liceul-teoretic-evrika-din-orasul-rabnita\/","title":{"rendered":"Gov.md &#8211; Vizit\u0103 de lucru la Liceul Teoretic \u201eEvrika\u201d din ora\u0219ul R\u00e2bni\u021ba"},"content":{"rendered":"<p>La 13 mai func\u021bionarii Biroului politici de reintegrare au efectuat o vizit\u0103 de lucru la Liceul Teoretic \u201eEvrika\u201d din ora\u0219ul R\u00e2bni\u021ba, pentru a se documenta cu condi\u021biile de func\u021bionare a acestei institu\u021bii de \u00eenv\u0103\u021b\u0103m\u00e2nt.<\/p>\n<p>\u00cen cadrul \u00eent\u00e2lnirii cu administra\u021bia institu\u021biei \u0219i profesorii s-a discutat despre implementarea Deciziei protocolare \u201cCu privire la asigurarea func\u021bion\u0103rii \u0219colilor moldovene\u0219ti cu predare \u00een grafia latin\u0103\u201d, semnate la 25 noiembrie 2017 de c\u0103tre reprezentan\u021bii politici \u00een procesul de negocieri pentru reglementarea transnistrean\u0103 din partea Chi\u015fin\u0103ului \u015fi Tiraspolului.<\/p>\n<p>\u00cen particular au fost abordate subiectele privind asigurarea liberei circula\u021bii a elevilor \u0219i cadrelor didactice, transportarea nestingherit\u0103 a manualelor, materialelor didactice \u0219i altor mijloace necesare procesului educa\u021bional.<\/p>\n<p>De asemenea, s-a men\u021bionat despre necesitatea de a asigura \u00een \u0219colile vizate condi\u021bii sanitare \u0219i de securitate antiincendiar\u0103 la nivelul prev\u0103zut de legisla\u021bia na\u021bional\u0103.<\/p>\n<p>Directorul liceului, Eugenia Halus, a dat aprecieri \u00eenalte eforturilor Guvernului Republicii Moldova pentru rezolvarea problemelor cu care se confrunt\u0103 institu\u021bia de \u00eenv\u0103\u021b\u0103m\u00e2nt. At\u00e2t directorul, c\u00e2t \u0219i al\u021bi profesori, \u0219i-au expus speran\u021ba c\u0103 autorit\u0103\u021bile vor \u00eentreprinde tot ce-i necesar pentru a asigura institu\u021bia de \u00eenv\u0103\u021b\u0103m\u00e2nt cu un sediu propriu, permanent, specific\u00e2nd c\u0103 \u00een prezent \u0219coala este amplasat\u0103 \u00eentr-o cl\u0103dire \u00eenchiriat\u0103 de la Uzina Metalurgic\u0103 din or.R\u00e2bni\u0163a.<\/p>\n<p>\u00cen aceea\u0219i zi, reprezentan\u021bii Misiunii OSCE \u00een Moldova au donat Liceului Teoretic \u201eEvrika\u201d un videoproiector, un laptop \u0219i un set de mingi, \u00een vederea utiliz\u0103rii \u00een procesul de instruire a celor 180 de copii care studiaz\u0103 acolo.<\/p>\n<p>\u00cen urm\u0103toarele zile, Biroul politici de reintegrare va organiza asemenea vizite de lucru \u00een toate institu\u021biile de \u00eenv\u0103\u021b\u0103m\u00e2nt cu predare \u00een limba rom\u00e2n\u0103 din regiunea transnistrean\u0103.<\/p>\n<p>Sursa:\u00a0<a href=\"https:\/\/gov.md\/ro\/content\/vizita-de-lucru-la-liceul-teoretic-evrika-din-orasul-rabnita\">https:\/\/gov.md\/<\/a><\/p>\n","protected":false},"excerpt":{"rendered":"<p>La 13 mai func\u021bionarii Biroului politici de reintegrare au efectuat o vizit\u0103 de lucru la Liceul Teoretic \u201eEvrika\u201d din ora\u0219ul R\u00e2bni\u021ba, pentru a se documenta cu condi\u021biile de func\u021bionare a acestei institu\u021bii de \u00eenv\u0103\u021b\u0103m\u00e2nt. \u00cen cadrul \u00eent\u00e2lnirii cu administra\u021bia institu\u021biei \u0219i profesorii s-a discutat despre implementarea Deciziei protocolare \u201cCu privire la asigurarea func\u021bion\u0103rii \u0219colilor moldovene\u0219ti&#8230;<\/p>\n","protected":false},"author":2,"featured_media":0,"comment_status":"closed","ping_status":"open","sticky":false,"template":"","format":"standard","meta":[],"categories":[1],"tags":[],"_links":{"self":[{"href":"https:\/\/centers.ulbsibiu.ro\/ccsprise\/lact\/wp-json\/wp\/v2\/posts\/6297"}],"collection":[{"href":"https:\/\/centers.ulbsibiu.ro\/ccsprise\/lact\/wp-json\/wp\/v2\/posts"}],"about":[{"href":"https:\/\/centers.ulbsibiu.ro\/ccsprise\/lact\/wp-json\/wp\/v2\/types\/post"}],"author":[{"embeddable":true,"href":"https:\/\/centers.ulbsibiu.ro\/ccsprise\/lact\/wp-json\/wp\/v2\/users\/2"}],"replies":[{"embeddable":true,"href":"https:\/\/centers.ulbsibiu.ro\/ccsprise\/lact\/wp-json\/wp\/v2\/comments?post=6297"}],"version-history":[{"count":1,"href":"https:\/\/centers.ulbsibiu.ro\/ccsprise\/lact\/wp-json\/wp\/v2\/posts\/6297\/revisions"}],"predecessor-version":[{"id":6298,"href":"https:\/\/centers.ulbsibiu.ro\/ccsprise\/lact\/wp-json\/wp\/v2\/posts\/6297\/revisions\/6298"}],"wp:attachment":[{"href":"https:\/\/centers.ulbsibiu.ro\/ccsprise\/lact\/wp-json\/wp\/v2\/media?parent=6297"}],"wp:term":[{"taxonomy":"category","embeddable":true,"href":"https:\/\/centers.ulbsibiu.ro\/ccsprise\/lact\/wp-json\/wp\/v2\/categories?post=6297"},{"taxonomy":"post_tag","embeddable":true,"href":"https:\/\/centers.ulbsibiu.ro\/ccsprise\/lact\/wp-json\/wp\/v2\/tags?post=6297"}],"curies":[{"name":"wp","href":"https:\/\/api.w.org\/{rel}","templated":true}]}}