{"id":6295,"date":"2019-05-13T18:33:58","date_gmt":"2019-05-13T16:33:58","guid":{"rendered":"https:\/\/centers.ulbsibiu.ro\/ccsprise\/lact\/?p=6295"},"modified":"2019-05-13T18:33:58","modified_gmt":"2019-05-13T16:33:58","slug":"publika-md-tiraspolul-renunta-la-deciziile-unilaterale-care-vizau-administratia-locala-si-cetatenii-din-satul-varnita-raionul-anenii-noi","status":"publish","type":"post","link":"https:\/\/centers.ulbsibiu.ro\/ccsprise\/lact\/publika-md-tiraspolul-renunta-la-deciziile-unilaterale-care-vizau-administratia-locala-si-cetatenii-din-satul-varnita-raionul-anenii-noi\/","title":{"rendered":"Publika.md &#8211; Tiraspolul renun\u021b\u0103 la deciziile unilaterale care vizau administra\u021bia local\u0103 \u0219i cet\u0103\u021benii din satul Varni\u021ba, raionul Anenii Noi"},"content":{"rendered":"<p>Guvernul de la Chi\u0219in\u0103u, reprezentan\u021bii mediatorilor \u0219i observatorilor \u00een procesul de reglementare transnistrean\u0103 din formatul de negocieri \u201e5+2\u201d au fost informa\u021bi ast\u0103zi, 13 mai, c\u0103 administra\u021bia de la Tiraspol renun\u021b\u0103 la pretinsele decrete instituite unilateral \u00een data de 25 ianuarie\u00a02019, care vizau autorit\u0103\u021bile publice locale \u0219i locuitorii din satul Varni\u021ba, raionul Anenii Noi.<\/p>\n<p>Decizia a fost luat\u0103 \u00een urma efortului autorit\u0103\u021bilor de la Chi\u0219in\u0103u \u0219i ai dialogului continuu \u00a0at\u00e2t cu mediatorii \u0219i observatorii din formatul de negocieri \u201e5+2\u201d c\u00e2t \u0219i cu reprezentan\u021bii administra\u021biei de la Tiraspol.<\/p>\n<p>Amintim c\u0103 la \u00eenceputul acestui an, administra\u021bia din st\u00e2nga Nistrului a decis s\u0103 declare nule un set de acte eliberate de autoritatea public\u0103 local\u0103 din Varni\u021ba, astfel, oblig\u00e2nd locuitorii s\u0103 le perfecteze la reprezentan\u021bele transnistrene. Consider\u0103m c\u0103 aceste decizii unilaterale sunt provoc\u0103ri generate de c\u0103tre reprezentan\u021bi din regiunea transnistrean\u0103.<\/p>\n<p>Problema satului Varni\u021ba a fost o prioritate pe agenda premierului Pavel Filip, care a solicitat Ministerului Afacerilor Externe \u0219i Integr\u0103rii Europene s\u0103 sesizeze opinia interna\u021bional\u0103, dar \u0219i reprezentan\u021bii mediatorilor \u0219i observatorilor \u00een procesul de reglementare transnistrean\u0103 pentru a face uz de toate p\u00e2rghiile formatului de negocieri \u201e5+2\u201d \u0219i de a impune administra\u021bia de la Tiraspol s\u0103 renun\u021be la ac\u021biuni\u00a0provocatoare.<\/p>\n<p>Cite\u0219te mai mult: <a href=\"https:\/\/www.publika.md\/tiraspolul-renunta-la-deciziile-unilaterale-care-vizau-administratia-locala-si-cetatenii-din-satul-varnita-raionul-anenii-noi_3042327.html#ixzz5np6ECjQm\">https:\/\/www.publika.md\/tiraspolul-renunta-la-deciziile-unilaterale-care-vizau-administratia-locala-si-cetatenii-din-satul-varnita-raionul-anenii-noi_3042327.html#ixzz5np6ECjQm<\/a><br \/>\nFollow us: <a href=\"https:\/\/ec.tynt.com\/b\/rw?id=dWcNF856Wr5OkPrkHcnlKl&amp;u=publikatv\" target=\"_blank\" rel=\"noopener\">@publikatv on Twitter<\/a> | <a href=\"https:\/\/ec.tynt.com\/b\/rf?id=dWcNF856Wr5OkPrkHcnlKl&amp;u=publika.md\" target=\"_blank\" rel=\"noopener\">publika.md on Facebook<\/a><\/p>\n","protected":false},"excerpt":{"rendered":"<p>Guvernul de la Chi\u0219in\u0103u, reprezentan\u021bii mediatorilor \u0219i observatorilor \u00een procesul de reglementare transnistrean\u0103 din formatul de negocieri \u201e5+2\u201d au fost informa\u021bi ast\u0103zi, 13 mai, c\u0103 administra\u021bia de la Tiraspol renun\u021b\u0103 la pretinsele decrete instituite unilateral \u00een data de 25 ianuarie\u00a02019, care vizau autorit\u0103\u021bile publice locale \u0219i locuitorii din satul Varni\u021ba, raionul Anenii Noi. Decizia a&#8230;<\/p>\n","protected":false},"author":2,"featured_media":0,"comment_status":"closed","ping_status":"open","sticky":false,"template":"","format":"standard","meta":[],"categories":[1],"tags":[],"_links":{"self":[{"href":"https:\/\/centers.ulbsibiu.ro\/ccsprise\/lact\/wp-json\/wp\/v2\/posts\/6295"}],"collection":[{"href":"https:\/\/centers.ulbsibiu.ro\/ccsprise\/lact\/wp-json\/wp\/v2\/posts"}],"about":[{"href":"https:\/\/centers.ulbsibiu.ro\/ccsprise\/lact\/wp-json\/wp\/v2\/types\/post"}],"author":[{"embeddable":true,"href":"https:\/\/centers.ulbsibiu.ro\/ccsprise\/lact\/wp-json\/wp\/v2\/users\/2"}],"replies":[{"embeddable":true,"href":"https:\/\/centers.ulbsibiu.ro\/ccsprise\/lact\/wp-json\/wp\/v2\/comments?post=6295"}],"version-history":[{"count":1,"href":"https:\/\/centers.ulbsibiu.ro\/ccsprise\/lact\/wp-json\/wp\/v2\/posts\/6295\/revisions"}],"predecessor-version":[{"id":6296,"href":"https:\/\/centers.ulbsibiu.ro\/ccsprise\/lact\/wp-json\/wp\/v2\/posts\/6295\/revisions\/6296"}],"wp:attachment":[{"href":"https:\/\/centers.ulbsibiu.ro\/ccsprise\/lact\/wp-json\/wp\/v2\/media?parent=6295"}],"wp:term":[{"taxonomy":"category","embeddable":true,"href":"https:\/\/centers.ulbsibiu.ro\/ccsprise\/lact\/wp-json\/wp\/v2\/categories?post=6295"},{"taxonomy":"post_tag","embeddable":true,"href":"https:\/\/centers.ulbsibiu.ro\/ccsprise\/lact\/wp-json\/wp\/v2\/tags?post=6295"}],"curies":[{"name":"wp","href":"https:\/\/api.w.org\/{rel}","templated":true}]}}