{"id":6293,"date":"2019-05-11T16:31:10","date_gmt":"2019-05-11T14:31:10","guid":{"rendered":"https:\/\/centers.ulbsibiu.ro\/ccsprise\/lact\/?p=6293"},"modified":"2019-05-11T16:31:10","modified_gmt":"2019-05-11T14:31:10","slug":"ipn-md-cristina-lesnic-a-existat-o-corespondenta-oficiala-privind-uzina-de-la-rabnita","status":"publish","type":"post","link":"https:\/\/centers.ulbsibiu.ro\/ccsprise\/lact\/ipn-md-cristina-lesnic-a-existat-o-corespondenta-oficiala-privind-uzina-de-la-rabnita\/","title":{"rendered":"Ipn.md &#8211; Cristina Lesnic: A existat o coresponden\u021b\u0103 oficial\u0103 privind uzina de la R\u00e2bni\u021ba"},"content":{"rendered":"<p>Recunosc c\u0103 \u00eentr-adev\u0103r a existat o coresponden\u021b\u0103 oficial\u0103 nu doar la nivel na\u021bional, dar \u0219i la nivel interna\u021bional, cu privire la subiectul uzinei metalurgice\u201d. A\u0219a a comentat, \u00eentr-o conferin\u021b\u0103 de pres\u0103, viceprim-ministrul pentru reintegrare, Cristina Lesnic, interven\u021bia premierului Pavel Filip \u00een anularea sanc\u021biunilor impuse de Ucraina Uzinei Metalurgice de la R\u00e2bni\u021ba, spun\u00e2nd c\u0103 problema a fost discutat\u0103 \u0219i anul trecut la \u0219edin\u021ba \u00een formatul 5+2.<\/p>\n<p>Potrivit Cristinei Lesnic, Chi\u0219in\u0103ul nu este interesat s\u0103 creeze blocaje sau bariere administrative niciunui agent economic. \u201eAbordarea noastr\u0103 este echilibrat\u0103 indiferent dac\u0103 agentul economic este \u00eenregistrat oficial pe malul drept sau pe malul st\u00e2ng al Nistrului. Reconfirm c\u0103 ast\u0103zi acest agent economic este cu statut legal \u00een registrul nostru\u201d, a men\u021bionat Cristina Lesnic.<\/p>\n<p>Viceprim-ministrul pentru reintegrare spune c\u0103 nu vede nimic ie\u0219it din comun atunci c\u00e2nd Guvernul intervine cu ac\u021biuni prin care s\u0103 asigure ca fiecare agent economic s\u0103 poat\u0103 desf\u0103\u0219ura activitatea \u00een mod normal, f\u0103r\u0103 blocaje sau bariere administrative.<\/p>\n<p>Reprezentantul special al OSCE pentru procesul de reglementare transnistrean\u0103, Franco Frattini, a spus c\u0103 ac\u021biunea Guvernului de la Chi\u0219in\u0103u elimin\u0103 obstacolele administrative.<\/p>\n<p>Potrivit RISE Moldova, premierul Pavel Filip \u0219i-a folosit influen\u021ba pentru a ajuta Uzina Metalurgic\u0103 de la R\u00e2bni\u021ba s\u0103 scape de sanc\u021biunile Ucrainei impuse \u00een mai 2018 la pachet cu alte peste 700 de entit\u0103\u0163i conectate cu Moscova. \u00centr-o <u><a href=\"https:\/\/www.rise.md\/rusa\/c%D0%BF%D0%B0%D1%81%D0%B8%D1%82%D0%B5%D0%BB%D0%B8-%D0%BC%D0%BC%D0%B7-%D0%BA%D0%B0%D0%BA-%D1%84%D0%B8%D0%BB%D0%B8%D0%BF-%D0%B8-%D0%BF%D0%BE%D1%80%D0%BE%D1%88%D0%B5%D0%BD%D0%BA%D0%BE-%D0%BF%D0%BE%D0%BC\/\" target=\"_blank\" rel=\"noopener\">investiga\u021bie<\/a><\/u> comun\u0103 cu o echip\u0103 din Ucraina, se arat\u0103 o scrisoare semnat\u0103 de Pavel Filip, \u00een care acesta cere de la administra\u021bia de la Kiev nu doar s\u0103 anuleze embargoul impus uzinei din regiunea separatist\u0103, ci \u0219i s\u0103 \u00eenceteze orice investiga\u021bii \u00een leg\u0103tur\u0103 cu aceasta.<\/p>\n<p>Sursa:\u00a0<a href=\"http:\/\/ipn.md\/ro\/politica\/98086\">http:\/\/ipn.md\/<\/a><\/p>\n","protected":false},"excerpt":{"rendered":"<p>Recunosc c\u0103 \u00eentr-adev\u0103r a existat o coresponden\u021b\u0103 oficial\u0103 nu doar la nivel na\u021bional, dar \u0219i la nivel interna\u021bional, cu privire la subiectul uzinei metalurgice\u201d. A\u0219a a comentat, \u00eentr-o conferin\u021b\u0103 de pres\u0103, viceprim-ministrul pentru reintegrare, Cristina Lesnic, interven\u021bia premierului Pavel Filip \u00een anularea sanc\u021biunilor impuse de Ucraina Uzinei Metalurgice de la R\u00e2bni\u021ba, spun\u00e2nd c\u0103 problema a&#8230;<\/p>\n","protected":false},"author":2,"featured_media":0,"comment_status":"closed","ping_status":"open","sticky":false,"template":"","format":"standard","meta":[],"categories":[1],"tags":[],"_links":{"self":[{"href":"https:\/\/centers.ulbsibiu.ro\/ccsprise\/lact\/wp-json\/wp\/v2\/posts\/6293"}],"collection":[{"href":"https:\/\/centers.ulbsibiu.ro\/ccsprise\/lact\/wp-json\/wp\/v2\/posts"}],"about":[{"href":"https:\/\/centers.ulbsibiu.ro\/ccsprise\/lact\/wp-json\/wp\/v2\/types\/post"}],"author":[{"embeddable":true,"href":"https:\/\/centers.ulbsibiu.ro\/ccsprise\/lact\/wp-json\/wp\/v2\/users\/2"}],"replies":[{"embeddable":true,"href":"https:\/\/centers.ulbsibiu.ro\/ccsprise\/lact\/wp-json\/wp\/v2\/comments?post=6293"}],"version-history":[{"count":1,"href":"https:\/\/centers.ulbsibiu.ro\/ccsprise\/lact\/wp-json\/wp\/v2\/posts\/6293\/revisions"}],"predecessor-version":[{"id":6294,"href":"https:\/\/centers.ulbsibiu.ro\/ccsprise\/lact\/wp-json\/wp\/v2\/posts\/6293\/revisions\/6294"}],"wp:attachment":[{"href":"https:\/\/centers.ulbsibiu.ro\/ccsprise\/lact\/wp-json\/wp\/v2\/media?parent=6293"}],"wp:term":[{"taxonomy":"category","embeddable":true,"href":"https:\/\/centers.ulbsibiu.ro\/ccsprise\/lact\/wp-json\/wp\/v2\/categories?post=6293"},{"taxonomy":"post_tag","embeddable":true,"href":"https:\/\/centers.ulbsibiu.ro\/ccsprise\/lact\/wp-json\/wp\/v2\/tags?post=6293"}],"curies":[{"name":"wp","href":"https:\/\/api.w.org\/{rel}","templated":true}]}}