{"id":6291,"date":"2019-05-11T16:28:06","date_gmt":"2019-05-11T14:28:06","guid":{"rendered":"https:\/\/centers.ulbsibiu.ro\/ccsprise\/lact\/?p=6291"},"modified":"2019-05-11T16:28:06","modified_gmt":"2019-05-11T14:28:06","slug":"deschide-md-lesnic-despre-vinieta-separatistilor-de-la-tiraspol-sistemul-este-bizar-ce-spune-franco-frattini","status":"publish","type":"post","link":"https:\/\/centers.ulbsibiu.ro\/ccsprise\/lact\/deschide-md-lesnic-despre-vinieta-separatistilor-de-la-tiraspol-sistemul-este-bizar-ce-spune-franco-frattini\/","title":{"rendered":"Deschide.md &#8211; Lesnic despre vinieta separati\u0219tilor de la Tiraspol: Sistemul este bizar. Ce spune Franco Frattini"},"content":{"rendered":"<p>Author: Pavel Maftei<\/p>\n<p>A\u0219a numita viniet\u0103 pe care autorit\u0103\u021bile separatiste de la Tiraspol doresc s\u0103 o introduc\u0103 pentru persoanele str\u0103ine a fost unul din subiectele discutate de vicepremierul pentru reintegrare Crismtina Lesnic \u0219i reprezentantul special al OSCE pentru procesul de reglementare transnistrean\u0103 OSCE, Franco Frattini.<\/p>\n<p>\u201eAm men\u021bionat c\u0103 problema este inegal\u0103, pentru c\u0103 noi nu aplic\u0103m taxe pentru cei din regiunea transnitrean\u0103. Sistemul aplicat de colegii din Transnistria este unul foarte bizar, fiindc\u0103 taxa se aplic\u0103 per persoan\u0103 \u0219i nu per vehicul\u201d, a declarat Cristina Lesnic \u00een cadrul unei conferin\u021be de pres\u0103.<\/p>\n<p>Vicepremierul a venit cu un exemplu care arat\u0103 c\u0103 acest sistem nu doar c\u0103 este inegal \u00een raport cu cet\u0103\u021benii din dreapta Nistrului dar \u0219i c\u0103 nu are un fundament logic.<\/p>\n<p>\u201eAtunci c\u00e2nd un so\u021b \u0219i o so\u021bie se deplaseaz\u0103 \u00een regiunea transnistrean\u0103, ast\u0103zi, unul dintre ei fiind la volanul acelui autovehicul, achit\u0103 vinieta. La \u00eentoarcerea din regiunea transnistrean\u0103, dac\u0103 so\u021bul cu so\u021bia schimb\u0103 locurile, \u0219oferul acestui autovehicul achit\u0103 din nou vinieta. Am solicitat anularea acestei taxe pentru orice persoan\u0103, indiferent care ar fi statutul acesteia\u201d, a explicat Lesnic.<\/p>\n<p>\u00cen acela\u0219i timp reprezentantul special al OSCE a dat asigur\u0103ri c\u0103, \u00een cadrul vizitei pe care urmeaz\u0103 s\u0103 o \u00eentreprind\u0103 la Tiraspol, va cere explica\u021bii: \u201eFaptul c\u0103 se aplic\u0103 taxa per persoan\u0103 \u00een\u021beleg cum asta ar putea afecta libertatea de mi\u0219care. Suma este \u00een jur de 100 de euro pe an, este o sum\u0103 mare pentru locuitorii de aici. Vom cere explica\u021bii din partea colegilor de la Tiraspol\u201d.<\/p>\n<p>Sursa:\u00a0<a href=\"https:\/\/deschide.md\/ro\/stiri\/politic\/48299\/Lesnic-despre-vinieta-separati\u0219tilor-de-la-Tiraspol-Sistemul-este-bizar-Ce-spune-Franco-Frattini.htm\">https:\/\/deschide.md\/<\/a><\/p>\n","protected":false},"excerpt":{"rendered":"<p>Author: Pavel Maftei A\u0219a numita viniet\u0103 pe care autorit\u0103\u021bile separatiste de la Tiraspol doresc s\u0103 o introduc\u0103 pentru persoanele str\u0103ine a fost unul din subiectele discutate de vicepremierul pentru reintegrare Crismtina Lesnic \u0219i reprezentantul special al OSCE pentru procesul de reglementare transnistrean\u0103 OSCE, Franco Frattini. \u201eAm men\u021bionat c\u0103 problema este inegal\u0103, pentru c\u0103 noi nu&#8230;<\/p>\n","protected":false},"author":2,"featured_media":0,"comment_status":"closed","ping_status":"open","sticky":false,"template":"","format":"standard","meta":[],"categories":[1],"tags":[],"_links":{"self":[{"href":"https:\/\/centers.ulbsibiu.ro\/ccsprise\/lact\/wp-json\/wp\/v2\/posts\/6291"}],"collection":[{"href":"https:\/\/centers.ulbsibiu.ro\/ccsprise\/lact\/wp-json\/wp\/v2\/posts"}],"about":[{"href":"https:\/\/centers.ulbsibiu.ro\/ccsprise\/lact\/wp-json\/wp\/v2\/types\/post"}],"author":[{"embeddable":true,"href":"https:\/\/centers.ulbsibiu.ro\/ccsprise\/lact\/wp-json\/wp\/v2\/users\/2"}],"replies":[{"embeddable":true,"href":"https:\/\/centers.ulbsibiu.ro\/ccsprise\/lact\/wp-json\/wp\/v2\/comments?post=6291"}],"version-history":[{"count":1,"href":"https:\/\/centers.ulbsibiu.ro\/ccsprise\/lact\/wp-json\/wp\/v2\/posts\/6291\/revisions"}],"predecessor-version":[{"id":6292,"href":"https:\/\/centers.ulbsibiu.ro\/ccsprise\/lact\/wp-json\/wp\/v2\/posts\/6291\/revisions\/6292"}],"wp:attachment":[{"href":"https:\/\/centers.ulbsibiu.ro\/ccsprise\/lact\/wp-json\/wp\/v2\/media?parent=6291"}],"wp:term":[{"taxonomy":"category","embeddable":true,"href":"https:\/\/centers.ulbsibiu.ro\/ccsprise\/lact\/wp-json\/wp\/v2\/categories?post=6291"},{"taxonomy":"post_tag","embeddable":true,"href":"https:\/\/centers.ulbsibiu.ro\/ccsprise\/lact\/wp-json\/wp\/v2\/tags?post=6291"}],"curies":[{"name":"wp","href":"https:\/\/api.w.org\/{rel}","templated":true}]}}