{"id":6289,"date":"2019-05-11T16:22:51","date_gmt":"2019-05-11T14:22:51","guid":{"rendered":"https:\/\/centers.ulbsibiu.ro\/ccsprise\/lact\/?p=6289"},"modified":"2019-05-11T16:22:51","modified_gmt":"2019-05-11T14:22:51","slug":"gov-md-viceprim-ministrul-cristina-lesnic-a-solicitat-implicarea-activa-a-osce-in-solutionarea-problemelor-actuale-de-pe-agenda-la-intrevederea-cu-reprezentantul-special-al-presedintiei-in-exercitiu","status":"publish","type":"post","link":"https:\/\/centers.ulbsibiu.ro\/ccsprise\/lact\/gov-md-viceprim-ministrul-cristina-lesnic-a-solicitat-implicarea-activa-a-osce-in-solutionarea-problemelor-actuale-de-pe-agenda-la-intrevederea-cu-reprezentantul-special-al-presedintiei-in-exercitiu\/","title":{"rendered":"Gov.md &#8211; Viceprim-ministrul Cristina Lesnic a solicitat implicarea activ\u0103 a OSCE \u00een solu\u021bionarea problemelor actuale de pe agend\u0103 la \u00eentrevederea cu Reprezentantul Special al Pre\u0219edin\u021biei \u00een exerci\u021biu a OSCE din partea Slovaciei pentru procesul de reglementare transnistrean\u0103, Franco Frattini"},"content":{"rendered":"<p>Ast\u0103zi, 11 mai 2019, Viceprim-ministrul Cristina Lesnic a avut o \u00eentrevedere cu Reprezentantul Special al Pre\u0219edin\u021biei \u00een exerci\u021biu a OSCE din partea Slovaciei pentru procesul de reglementare transnistrean\u0103, Franco Frattini, care efectueaz\u0103 o vizit\u0103 de lucru \u00een Republica Moldova, fiind \u00eenso\u021bit de \u0219eful Misiunii OSCE \u00een Moldova, Claus Neukirch, ambasadorii Republicii Slovacei \u0219i Italiei \u00een Republica Moldova, Du\u0161an Dacho \u0219i Valeria Biagiotti, precum \u0219i de diploma\u021bi din cadrul OSCE \u0219i ai Ministerului Afacerilor Externe \u0219i Europene al Slovaciei.<br \/>\n\u00cen cadrul \u00eentrevederii a fost trecut\u0103 \u00een revist\u0103 dinamica marcat\u0103 \u00een implementarea priorit\u0103\u021bilor ce se con\u021bin \u00een pachetul ,,Berlin plus\u201d \u0219i \u00een platformele de negocieri, precum \u0219i au fost abordate o serie de subiecte actuale ce necesit\u0103 o aten\u021bie sporit\u0103 \u0219i o solu\u021bionare ne\u00eent\u00e2rziat\u0103.<br \/>\nViceprim-ministrul a relatat despre deplina func\u021bionalitate a mecanismului de apostilare a diplomelor de studii din regiune (257 de diplome fiind apostilate p\u00e2n\u0103 \u00een prezent, cel mai solicitat stat de destina\u021bie fiind Italia), continuitatea procesului de revendicare a accesului la terenurile agricole din raionul Dub\u0103sari (pentru circa 90 % fiind asigurat\u0103 documentarea corespunz\u0103toare), tendin\u021ba interesant\u0103 \u00een preschimbarea permiselor de conducere \u00een cele de model na\u021bional, statistica c\u0103rora practic s-a dublat \u00een ultimele patru luni fa\u021b\u0103 de cifra mijloacelor de transport \u00eenmatriculate, cu men\u021bionarea ini\u021biativei Chi\u0219in\u0103ului de a asigura procesarea paralel\u0103 a cererilor de \u00eenregistrare at\u00e2t \u00een regim online c\u00e2t \u0219i \u00een formula r\u00e2ndului viu.<br \/>\nApoi, a fost punctat\u0103 necesitatea aducerii la bun sf\u00e2r\u0219it a expertizei tehnice \u0219i a lucr\u0103rilor de repara\u021bie a podului de la Gura B\u00e2cului cu asisten\u021ba organiza\u021bional\u0103 \u0219i financiar\u0103 din partea Misiunii OSCE \u015fi a Delega\u0163iei UE \u00een Republica Moldova, dar \u0219i indispensabilitatea asigur\u0103rii accesului echitabil la educa\u021bie pentru elevii din \u0219colile cu predare \u00een limba rom\u00e2n\u0103 din regiune, cu rezolvarea chestiunii sediilor proprii \u0219i monitorizarea continu\u0103 a situa\u021biei \u00een vederea realiz\u0103rii integrale a angajamentelor asumate \u00een negocieri.<br \/>\nS-a reiterat faptul c\u0103 problema liberei circula\u021bii \u00eentre ambele maluri ale Nistrului se impune de a fi rezolvat\u0103 necondi\u021bionat, cu eliminarea barierelor existente \u00een calea deplas\u0103rii oamenilor de r\u00e2nd, oficialilor, jurnali\u0219tilor, promotorilor drepturilor omului etc. \u0219i excluderea pretinsului regim de notificare preventiv\u0103 sau de completare a a\u0219a-numitelor carte migra\u021bionale la traversarea liniei administrative.<br \/>\nReprezentantului Special au fost comunicate \u00eengrijor\u0103rile Chi\u0219in\u0103ului \u00een leg\u0103tur\u0103 cu ac\u021biunile provocatoare ale Tiraspolului \u00een raport cu s.Varni\u0163a din raionul Anenii Noi, cu apelul implic\u0103rii active a reprezentan\u021bilor mediatorilor \u0219i observatorilor \u00eentru solu\u021bionarea imediat\u0103 a acestora, inclusiv \u00een partea ce \u021bine de anularea a\u0219a-numitelor acte ale liderului de la Tiraspol din octombrie 2018 \u0219i ianuarie 2019 \u0219i a pretinsei taxe de viniet\u0103 aplicat\u0103 \u00een mod abuziv \u00een privin\u021ba conduc\u0103torilor de autovehicule cet\u0103\u0163eni ai Republicii Moldova.<br \/>\nViceprim-ministrul a f\u0103cut referire \u0219i la dificult\u0103\u021bile \u00eent\u00e2mpinate \u00een asigurarea protec\u021biei drepturilor omului \u00een regiunea transnistrean\u0103 \u0219i a accesului reprezentan\u021bilor institu\u021biei na\u021bionale a ombudsmanului \u00een vederea oferirii asisten\u021bei ce se impune persoanelor a c\u0103ror drepturi \u0219i libert\u0103\u021bi fundamentale au fost lezate, eviden\u021biind necesitatea mobiliz\u0103rii eforturilor cu implicarea partenerilor interna\u021bionali din formatul de negocieri ,,5+2\u201d \u00eentru \u00eembun\u0103t\u0103\u021birea situa\u021biei \u00een acest domeniu.<br \/>\n\u00cen contextul problemei drepturilor omului, a fost relevat\u0103 ini\u021biativa pozitiv\u0103 a p\u0103r\u021bii moldovene\u0219ti de a definitiva \u0219i de a pune \u00een aplicare \u00een timpul apropiat un mecanism viabil de documentare a faptelor de stare civil\u0103 din raioanele de est ale \u021b\u0103rii, care va contribui \u0219i la garantarea protec\u021biei drepturilor copiilor din regiune.<br \/>\nDe asemenea, au fost abordate \u0219i problemele existente \u00een Zona de Securitate \u0219i cele legate de depozitul de la Cobasna, fiind specificat\u0103 necesitatea conjug\u0103rii eforturilor pentru a monitoriza \u00een mod continuu situa\u021bia din perimetrul de responsabilitate al for\u021belor de pacificare, a documenta \u0219i a solu\u021biona \u00een mod optim fiecare incident, precum \u0219i a lichida \u00een mod prioritar stocurile de muni\u021bii ce prezint\u0103 pericol pentru mediul ambiant \u0219i s\u0103n\u0103tatea popula\u021biei, inclusiv cele netransportabile.<br \/>\nViceprim-ministrul a reiterat faptul c\u0103 a\u0219a cum a fost convenit \u00een textul Declara\u021biei cu privire la evolu\u021biile procesului de reglementare a conflictului transnistrean \u00een formatul \u201e5+2\u201d, adoptat\u0103 pe 07 decembrie 2018 la reuniunea Consiliului de Mini\u0219tri al OSCE de la Milano, partea moldoveneasc\u0103 va insista pe abordarea avans\u0103rii paralele a procesului de negocieri pe toate cele trei co\u0219uri existente, inclusiv, pe aspectele umanitare \u0219i cele \u00een materie de securitate \u0219i referitoare la statut.<br \/>\n\u00cen cadrul dialogului oficialii au convenit ca dinamica productiv\u0103 ce a fost ini\u021biat\u0103 \u00een anul 2018 va fi asigurat\u0103 \u0219i pe parcursul anului curent, cu orientarea spre ob\u021binerea unor rezultate tangibile \u0219i \u00een beneficiul locuitorilor de pe ambele maluri ale Nistrului, men\u021binerea interac\u021biunii productive \u00een toate platformele de dialog, inclusiv la nivel tehnic, \u00een cadrul grupurilor de lucru sectoriale, precum \u0219i agrearea organiz\u0103rii \u00een viitorul apropiat a unei poten\u021biale vizite de documentare \u00een Republica Moldova a reprezentan\u021bilor mediatorilor \u0219i observatorilor.<br \/>\nLa finele \u00eentrevederii oficialii au sus\u021binut un briefing de pres\u0103, \u00een cadrul c\u0103ruia au r\u0103spuns la \u00eentreb\u0103rile formulate de c\u0103tre reprezentan\u021bii institu\u021biilor mass-media.<\/p>\n<p>Sursa:\u00a0<a href=\"https:\/\/gov.md\/ro\/content\/viceprim-ministrul-cristina-lesnic-solicitat-implicarea-activa-osce-solutionarea-problemelor\">https:\/\/gov.md\/<\/a><\/p>\n","protected":false},"excerpt":{"rendered":"<p>Ast\u0103zi, 11 mai 2019, Viceprim-ministrul Cristina Lesnic a avut o \u00eentrevedere cu Reprezentantul Special al Pre\u0219edin\u021biei \u00een exerci\u021biu a OSCE din partea Slovaciei pentru procesul de reglementare transnistrean\u0103, Franco Frattini, care efectueaz\u0103 o vizit\u0103 de lucru \u00een Republica Moldova, fiind \u00eenso\u021bit de \u0219eful Misiunii OSCE \u00een Moldova, Claus Neukirch, ambasadorii Republicii Slovacei \u0219i Italiei \u00een&#8230;<\/p>\n","protected":false},"author":2,"featured_media":0,"comment_status":"closed","ping_status":"open","sticky":false,"template":"","format":"standard","meta":[],"categories":[1],"tags":[],"_links":{"self":[{"href":"https:\/\/centers.ulbsibiu.ro\/ccsprise\/lact\/wp-json\/wp\/v2\/posts\/6289"}],"collection":[{"href":"https:\/\/centers.ulbsibiu.ro\/ccsprise\/lact\/wp-json\/wp\/v2\/posts"}],"about":[{"href":"https:\/\/centers.ulbsibiu.ro\/ccsprise\/lact\/wp-json\/wp\/v2\/types\/post"}],"author":[{"embeddable":true,"href":"https:\/\/centers.ulbsibiu.ro\/ccsprise\/lact\/wp-json\/wp\/v2\/users\/2"}],"replies":[{"embeddable":true,"href":"https:\/\/centers.ulbsibiu.ro\/ccsprise\/lact\/wp-json\/wp\/v2\/comments?post=6289"}],"version-history":[{"count":1,"href":"https:\/\/centers.ulbsibiu.ro\/ccsprise\/lact\/wp-json\/wp\/v2\/posts\/6289\/revisions"}],"predecessor-version":[{"id":6290,"href":"https:\/\/centers.ulbsibiu.ro\/ccsprise\/lact\/wp-json\/wp\/v2\/posts\/6289\/revisions\/6290"}],"wp:attachment":[{"href":"https:\/\/centers.ulbsibiu.ro\/ccsprise\/lact\/wp-json\/wp\/v2\/media?parent=6289"}],"wp:term":[{"taxonomy":"category","embeddable":true,"href":"https:\/\/centers.ulbsibiu.ro\/ccsprise\/lact\/wp-json\/wp\/v2\/categories?post=6289"},{"taxonomy":"post_tag","embeddable":true,"href":"https:\/\/centers.ulbsibiu.ro\/ccsprise\/lact\/wp-json\/wp\/v2\/tags?post=6289"}],"curies":[{"name":"wp","href":"https:\/\/api.w.org\/{rel}","templated":true}]}}