{"id":6281,"date":"2019-05-05T15:46:28","date_gmt":"2019-05-05T13:46:28","guid":{"rendered":"https:\/\/centers.ulbsibiu.ro\/ccsprise\/lact\/?p=6281"},"modified":"2019-05-05T15:46:28","modified_gmt":"2019-05-05T13:46:28","slug":"deschide-md-separatistul-ignatiev-viseaza-independenta-transnistriei-in-cel-mult-10-ani","status":"publish","type":"post","link":"https:\/\/centers.ulbsibiu.ro\/ccsprise\/lact\/deschide-md-separatistul-ignatiev-viseaza-independenta-transnistriei-in-cel-mult-10-ani\/","title":{"rendered":"Deschide.md &#8211; Separatistul Ignatiev viseaz\u0103 independen\u021ba Transnistriei \u00een cel mult 10 ani"},"content":{"rendered":"<p><span style=\"display: inline !important; float: none; background-color: transparent; color: #888888; font-family: 'Arimo',sans-serif; font-size: 13px; font-style: normal; font-variant: normal; font-weight: 400; letter-spacing: normal; orphans: 2; text-align: left; text-decoration: none; text-indent: 0px; text-transform: none; -webkit-text-stroke-width: 0px; white-space: normal; word-spacing: 0px;\"> Author: Vadim Vasiliu <\/span><\/p>\n<p>Pretinsul ministru de externe de la Tiraspol, Vitali Ignatiev, a oferit un interviu publica\u021biei de propagand\u0103 ruseasc\u0103, Komsomolskaia Pravda \u00een care a prezis c\u0103 Transnistria va ob\u021bine recunoa\u0219terea interna\u021bional\u0103 \u00een 5-10 ani.<\/p>\n<p>\u201eNu v\u0103 voi spune data concret\u0103 a recunoa\u0219terii independen\u021bei Transnistriei. Consider c\u0103 asta se va \u00eent\u00e2mpla mult mai devreme, dec\u00e2t peste cinci-zece ani. V\u0103 atrag aten\u021bia asupra proceselor ce se \u00eent\u00e2mpl\u0103 ast\u0103zi \u00eentre Kosovo \u0219i Serbia. Noi nu avem alt\u0103 alternativ\u0103\u201d, a apus Ignatiev.<\/p>\n<p>Ignatiev s-a ar\u0103tat nemul\u021bumit \u0219i de faptul c\u0103 Republica Moldova ofer\u0103 oportunitatea agen\u021bilor economici din regiunea transnistrean\u0103 de a ob\u021bine certificate la Chi\u0219in\u0103u, acte recunoscute interna\u021bional \u0219i \u00een baza c\u0103rora agen\u021bii economici au dreptul la export. Mai mult, Ignatiev a numit aceast\u0103 oportunitate drept \u201eblocad\u0103 economic\u0103\u201d.<\/p>\n<p>\u201eDin acest moment (anul 2006) au \u00eenceput presiunile complexe \u0219i blocada economic\u0103 a Transnistriei, care a dus la faptul c\u0103 afacerile noastre orientate spre export func\u021bioneaz\u0103 doar cu condi\u021bia de a fi \u00eenregistrate \u00een Moldova. Ce e asta. E blocad\u0103 sau nu? Sistemul de transportare a m\u0103rfurilor al Transnistriei a fost distrus din cauza refuzului de a oferi licen\u021be \u0219i permisiuni \u00eenc\u0103 din anul 2005. Din acest moment noi nu avem posibilitatea de a transporta m\u0103rfuri \u00een str\u0103in\u0103tate cu vehicule transnistrene. Business-ul nostru trebuie s\u0103 treac\u0103 toate procedurile de \u00eenregistrare vamal\u0103, s\u0103 ob\u021bin\u0103 certificate europene \u00een Republica Moldova. Asta nu e blocad\u0103? Cu siguran\u021b\u0103 acesta nu este un regim liber de colaborare economic\u0103, \u0219i asta nu este normal!\u201d, declarat Ignatiev.<\/p>\n<p>Pretinsul ministru de externe s-a ar\u0103tat nemul\u021bumit \u0219i de modul \u00een care decurge procedura de oferire a numerelor de \u00eenmatriculare neutre vehiculelor din Transnistria pentru circula\u021bie interna\u021bional\u0103.<\/p>\n<p>Declara\u021biile lui Ignatiev contrazic datele serviciului vamal de la Tiraspol, conform c\u0103ruia marea parte a exportului transnistrean este direc\u021bionat spre Uniunea European\u0103. Pentru a exporta \u00een UE \u0219i a beneficia de regimul liberalizat de comer\u021b cu UE este nevoie de certificare \u00een Republica Moldova.<\/p>\n<p>Amintim c\u0103 datele a\u0219a-zisului comitet vamal din st\u00e2nga Nistrului arat\u0103 c\u0103 regiunea transnistrean\u0103 a exportat, \u00een primul semestru din 2019, mai mult \u00een Rom\u00e2nia dec\u00e2t \u00een Federa\u021bia Rus\u0103. Astfel, \u00een lunile ianuarie-martie, Transnistria a exportat \u00een Rom\u00e2nia m\u0103rfuri \u00een valoare de 20 de milioane de dolari, iar \u00een Rusia, de 19,5 milioane de dolari.<\/p>\n<p>Rom\u00e2nia este pe primul loc la capitolul exporturi \u00een statele Uniunii Europene, cu o cot\u0103 de 47%. Rusia este pe primul loc la exporturile \u00een statele Uniunii Eurasiatice, cu o cot\u0103 de 95%.<\/p>\n<p>\u00cen Uniunea European\u0103 au mers\u00a0 29% din totalul exporturilor transnistrene \u00een primul semestru din 2019, pe c\u00e2nd \u00een Uniunea Eurasiatic\u0103 s-au dus 14% din exporturi.<\/p>\n<p>Sursa:\u00a0<a href=\"https:\/\/deschide.md\/ro\/stiri\/23\/47994\/Separatistul-Ignatiev-viseaz\u0103-independen\u021ba-Transnistriei-\u00een-cel-mult-10-ani.htm\">https:\/\/deschide.md\/<\/a><\/p>\n","protected":false},"excerpt":{"rendered":"<p>Author: Vadim Vasiliu Pretinsul ministru de externe de la Tiraspol, Vitali Ignatiev, a oferit un interviu publica\u021biei de propagand\u0103 ruseasc\u0103, Komsomolskaia Pravda \u00een care a prezis c\u0103 Transnistria va ob\u021bine recunoa\u0219terea interna\u021bional\u0103 \u00een 5-10 ani. \u201eNu v\u0103 voi spune data concret\u0103 a recunoa\u0219terii independen\u021bei Transnistriei. Consider c\u0103 asta se va \u00eent\u00e2mpla mult mai devreme, dec\u00e2t&#8230;<\/p>\n","protected":false},"author":2,"featured_media":0,"comment_status":"closed","ping_status":"open","sticky":false,"template":"","format":"standard","meta":[],"categories":[1],"tags":[],"_links":{"self":[{"href":"https:\/\/centers.ulbsibiu.ro\/ccsprise\/lact\/wp-json\/wp\/v2\/posts\/6281"}],"collection":[{"href":"https:\/\/centers.ulbsibiu.ro\/ccsprise\/lact\/wp-json\/wp\/v2\/posts"}],"about":[{"href":"https:\/\/centers.ulbsibiu.ro\/ccsprise\/lact\/wp-json\/wp\/v2\/types\/post"}],"author":[{"embeddable":true,"href":"https:\/\/centers.ulbsibiu.ro\/ccsprise\/lact\/wp-json\/wp\/v2\/users\/2"}],"replies":[{"embeddable":true,"href":"https:\/\/centers.ulbsibiu.ro\/ccsprise\/lact\/wp-json\/wp\/v2\/comments?post=6281"}],"version-history":[{"count":1,"href":"https:\/\/centers.ulbsibiu.ro\/ccsprise\/lact\/wp-json\/wp\/v2\/posts\/6281\/revisions"}],"predecessor-version":[{"id":6282,"href":"https:\/\/centers.ulbsibiu.ro\/ccsprise\/lact\/wp-json\/wp\/v2\/posts\/6281\/revisions\/6282"}],"wp:attachment":[{"href":"https:\/\/centers.ulbsibiu.ro\/ccsprise\/lact\/wp-json\/wp\/v2\/media?parent=6281"}],"wp:term":[{"taxonomy":"category","embeddable":true,"href":"https:\/\/centers.ulbsibiu.ro\/ccsprise\/lact\/wp-json\/wp\/v2\/categories?post=6281"},{"taxonomy":"post_tag","embeddable":true,"href":"https:\/\/centers.ulbsibiu.ro\/ccsprise\/lact\/wp-json\/wp\/v2\/tags?post=6281"}],"curies":[{"name":"wp","href":"https:\/\/api.w.org\/{rel}","templated":true}]}}