{"id":6279,"date":"2019-05-05T15:41:30","date_gmt":"2019-05-05T13:41:30","guid":{"rendered":"https:\/\/centers.ulbsibiu.ro\/ccsprise\/lact\/?p=6279"},"modified":"2019-05-05T15:41:30","modified_gmt":"2019-05-05T13:41:30","slug":"ziarulnational-md-ministrul-apararii-crede-ca-retragerea-trupelor-rusesti-din-stanga-nistrului-este-reala-aceste-trupe-trebuie-sa-plece-odata-si-pentru-totdeauna-din-r-moldova","status":"publish","type":"post","link":"https:\/\/centers.ulbsibiu.ro\/ccsprise\/lact\/ziarulnational-md-ministrul-apararii-crede-ca-retragerea-trupelor-rusesti-din-stanga-nistrului-este-reala-aceste-trupe-trebuie-sa-plece-odata-si-pentru-totdeauna-din-r-moldova\/","title":{"rendered":"Ziarulnational.md &#8211; Ministrul Ap\u0103r\u0103rii crede c\u0103 RETRAGEREA trupelor ruse\u015fti din st\u00e2nga Nistrului este REAL\u0102: \u201eAceste trupe trebuie s\u0103 plece odat\u0103 \u0219i pentru totdeauna din R. Moldova&#8221;"},"content":{"rendered":"<p>Ministrul Ap\u0103r\u0103rii, Eugen Sturza, consider\u0103 c\u0103 retragerea trupelor ruse\u0219ti de pe teritoriul R. Moldova este real\u0103, dar pentru asta trebuie s\u0103 existe o politic\u0103 de \u021bar\u0103 care s\u0103 prevad\u0103 evacuarea trupelor cu tot cu muni\u021bii \u0219i tehnic\u0103 militar\u0103 de pe teritoriul statului. Declara\u021bia a fost f\u0103cut\u0103 de ministru \u00een platoul emisiunii \u201e\u021aara\u201d de la postul de televiziune Vocea Basarabiei, transmite IPN.<\/p>\n<p>\u201eDin p\u0103cate, noi mai avem jocul tradi\u021bional \u201eun pas \u00eenainte, doi \u00eenapoi\u201d c\u00e2nd ast\u0103zi spunem c\u0103 vrem retragerea, m\u00e2ine se schimb\u0103 puterea \u0219i spunem c\u0103 suntem prieteni \u0219i avem nevoie de aceste trupe pe teritoriul R. Moldova. Din acest punct de vedere, noi trebuie s\u0103 avem un proiect de \u021bar\u0103 foarte clar, nu s\u0103 se schimbe \u00een func\u021bie de cine vine la guvernare, dar s\u0103 existe aceast\u0103 continuitate, aceast\u0103 presiune interna\u021bional\u0103 pe Federa\u021bia Rus\u0103 ca aceste trupe s\u0103 plece odat\u0103 \u0219i pentru totdeauna din R. Moldova\u201d, a men\u021bionat ministrul.<\/p>\n<p>Eugen Sturza spune c\u0103 nimeni nu are acces la depozitul militar de la Cobasna \u00een afar\u0103 de reprezentan\u021bii Federa\u021biei Ruse. Potrivit lui, exist\u0103 la acest depozit hangare mari cu muni\u021bii care nu mai pot fi transportate \u0219i trebuie distruse acolo, pe loc.<\/p>\n<blockquote><p>\u201eSunt destul de periculoase pentru c\u0103, \u00een mare parte, sunt muni\u021bii vechi \u0219i este nevoie de accesul unor exper\u021bi interna\u021bionali care s\u0103 analizeze aceste muni\u021bii pentru a vedea ce putem face, s\u0103 identific\u0103m un proiect interna\u021bional \u00een privin\u021ba lichid\u0103rii acestor muni\u021bii, dar accesul este interzis\u201d, a men\u021bionat ministrul.<\/p><\/blockquote>\n<p>De c\u00e2nd ocup\u0103 func\u021bia de ministru, Eugen Sturza spune c\u0103 nu a mers \u00een regiunea transnistrean\u0103. Potrivit lui, deocamdat\u0103 nu are ce discuta cu administra\u021bia de la Tiraspol.<\/p>\n<p>Eugen Sturza men\u021bioneaz\u0103 c\u0103 rolul exerci\u021biilor militare care au loc \u00een regiunea transnistrean\u0103 este s\u0103 antreneze trupele Federa\u021biei Ruse \u0219i cele separatiste pentru a ac\u021biona \u00een comun.<\/p>\n<blockquote><p>\u201eDesigur, pe noi ne deranjeaz\u0103, noi permanent discut\u0103m despre aceste activit\u0103\u021bi militare pe teritoriul R. Moldova cu to\u021bi partenerii de dezvoltare. Le prezent\u0103m documente \u0219i planuri de activitate ale acestor trupe militare \u0219i paramilitare. O parte dintre aceste exerci\u021bii militare sunt declarate ca \u0219i defensive, \u00eens\u0103, dup\u0103 mine, ele nu au nicio treab\u0103 cu defensiva\u201d, a declarat oficialul.<\/p><\/blockquote>\n<p>Ministrul men\u021bioneaz\u0103 c\u0103 R. Moldova ar trebui s\u0103 se \u00eengrijoreze \u00een leg\u0103tur\u0103 cu toate aplica\u021biile \u0219i muni\u021biile existente \u00een st\u00e2nga Nistrului.<\/p>\n<p>Sursa:\u00a0<a href=\"https:\/\/www.ziarulnational.md\/ministrul-apararii-crede-ca-retragerea-trupelor-rusesti-din-stanga-nistrului-este-reala-aceste-trupe-trebuie-sa-plece-o-data-si-pentru-totdeauna-din-r-moldova\/\">https:\/\/www.ziarulnational.md\/<\/a><\/p>\n","protected":false},"excerpt":{"rendered":"<p>Ministrul Ap\u0103r\u0103rii, Eugen Sturza, consider\u0103 c\u0103 retragerea trupelor ruse\u0219ti de pe teritoriul R. Moldova este real\u0103, dar pentru asta trebuie s\u0103 existe o politic\u0103 de \u021bar\u0103 care s\u0103 prevad\u0103 evacuarea trupelor cu tot cu muni\u021bii \u0219i tehnic\u0103 militar\u0103 de pe teritoriul statului. Declara\u021bia a fost f\u0103cut\u0103 de ministru \u00een platoul emisiunii \u201e\u021aara\u201d de la postul&#8230;<\/p>\n","protected":false},"author":2,"featured_media":0,"comment_status":"closed","ping_status":"open","sticky":false,"template":"","format":"standard","meta":[],"categories":[1],"tags":[],"_links":{"self":[{"href":"https:\/\/centers.ulbsibiu.ro\/ccsprise\/lact\/wp-json\/wp\/v2\/posts\/6279"}],"collection":[{"href":"https:\/\/centers.ulbsibiu.ro\/ccsprise\/lact\/wp-json\/wp\/v2\/posts"}],"about":[{"href":"https:\/\/centers.ulbsibiu.ro\/ccsprise\/lact\/wp-json\/wp\/v2\/types\/post"}],"author":[{"embeddable":true,"href":"https:\/\/centers.ulbsibiu.ro\/ccsprise\/lact\/wp-json\/wp\/v2\/users\/2"}],"replies":[{"embeddable":true,"href":"https:\/\/centers.ulbsibiu.ro\/ccsprise\/lact\/wp-json\/wp\/v2\/comments?post=6279"}],"version-history":[{"count":1,"href":"https:\/\/centers.ulbsibiu.ro\/ccsprise\/lact\/wp-json\/wp\/v2\/posts\/6279\/revisions"}],"predecessor-version":[{"id":6280,"href":"https:\/\/centers.ulbsibiu.ro\/ccsprise\/lact\/wp-json\/wp\/v2\/posts\/6279\/revisions\/6280"}],"wp:attachment":[{"href":"https:\/\/centers.ulbsibiu.ro\/ccsprise\/lact\/wp-json\/wp\/v2\/media?parent=6279"}],"wp:term":[{"taxonomy":"category","embeddable":true,"href":"https:\/\/centers.ulbsibiu.ro\/ccsprise\/lact\/wp-json\/wp\/v2\/categories?post=6279"},{"taxonomy":"post_tag","embeddable":true,"href":"https:\/\/centers.ulbsibiu.ro\/ccsprise\/lact\/wp-json\/wp\/v2\/tags?post=6279"}],"curies":[{"name":"wp","href":"https:\/\/api.w.org\/{rel}","templated":true}]}}