{"id":6277,"date":"2019-05-03T18:36:27","date_gmt":"2019-05-03T16:36:27","guid":{"rendered":"https:\/\/centers.ulbsibiu.ro\/ccsprise\/lact\/?p=6277"},"modified":"2019-05-03T18:36:27","modified_gmt":"2019-05-03T16:36:27","slug":"noi-md-militarii-rusi-din-transnistria-au-echipat-un-sat-de-partizani-din-perioada-celui-de-al-doilea-razboi-mondial","status":"publish","type":"post","link":"https:\/\/centers.ulbsibiu.ro\/ccsprise\/lact\/noi-md-militarii-rusi-din-transnistria-au-echipat-un-sat-de-partizani-din-perioada-celui-de-al-doilea-razboi-mondial\/","title":{"rendered":"Noi.md &#8211; Militarii ru\u0219i din Transnistria au echipat un sat de partizani din perioada celui de-al doilea r\u0103zboi mondial"},"content":{"rendered":"<p>\u00cen ajunul celebr\u0103rii celei de-a 74-a anivers\u0103ri a victoriei \u00een Marele R\u0103zboi pentru Ap\u0103rarea Patriei, militarii Grupului Opera\u021bional al for\u021belor ruse din regiunea transnistrean\u0103 a Republicii Moldova (RGRP din PRRM) au echipat cu for\u021be proprii, \u00een tab\u0103ra militar\u0103 a RGRP PRRM, un sat de partizani de pe timpul Marelui R\u0103zboi pentru Ap\u0103rarea Patriei, transmite Noi.md.<\/p>\n<p>Despre acest lucru a anun\u021bat Ministerul Ap\u0103r\u0103rii al Rusiei, men\u021bion\u00eend c\u0103 acest sat de partizani este format din 15 obiecte. Acestea s\u00eent ad\u00eencituri acoperite, ad\u0103posturi, un centru medical, un depozit de arme \u0219i muni\u021bii, un atelier de explozivi \u0219i altele. \u00cen \u00eenc\u0103perile satului de partizani, vor fi expuse articole de uz casnic specifice anilor &#8217;40 ai secolului trecut.A\u0219a cum s-a men\u021bionat, acest sat de partizani este unicul din Transnistria, care reflect\u0103 istoria mi\u0219c\u0103rii partizane \u0219i activit\u0103\u021bile cotidiene ale lupt\u0103torilor are ac\u021bionau \u00een spatele inamicului \u00een timpul Marelui R\u0103zboi pentru Ap\u0103rarea Patriei.<\/p>\n<p>Cite\u0219te mai mult: <a href=\"https:\/\/noi.md\/md\/transnistria\/militarii-rusi-din-transnistria-au-echipat-un-sat-de-partizani-din-perioada-celui-de-al-doilea-razboi-mondial?fbclid=IwAR0vf6X8G6M0eYJzBL3kwBXAjGI1EKCMYnMTmGhlcxYMfb_opJ-yM-uq8kk\">https:\/\/noi.md\/md\/transnistria\/militarii-rusi-din-transnistria-au-echipat-un-sat-de-partizani-din-perioada-celui-de-al-doilea-razboi-mondial?fbclid=IwAR0vf6X8G6M0eYJzBL3kwBXAjGI1EKCMYnMTmGhlcxYMfb_opJ-yM-uq8kk<\/a><br \/>\nFacebook: <a href=\"https:\/\/www.facebook.com\/NOI.md\/\">NOI.md<\/a> | Odnoklassniki: <a href=\"https:\/\/www.ok.ru\/noi.moldova\">Noi.Moldova<\/a><\/p>\n","protected":false},"excerpt":{"rendered":"<p>\u00cen ajunul celebr\u0103rii celei de-a 74-a anivers\u0103ri a victoriei \u00een Marele R\u0103zboi pentru Ap\u0103rarea Patriei, militarii Grupului Opera\u021bional al for\u021belor ruse din regiunea transnistrean\u0103 a Republicii Moldova (RGRP din PRRM) au echipat cu for\u021be proprii, \u00een tab\u0103ra militar\u0103 a RGRP PRRM, un sat de partizani de pe timpul Marelui R\u0103zboi pentru Ap\u0103rarea Patriei, transmite Noi.md&#8230;.<\/p>\n","protected":false},"author":2,"featured_media":0,"comment_status":"closed","ping_status":"open","sticky":false,"template":"","format":"standard","meta":[],"categories":[1],"tags":[],"_links":{"self":[{"href":"https:\/\/centers.ulbsibiu.ro\/ccsprise\/lact\/wp-json\/wp\/v2\/posts\/6277"}],"collection":[{"href":"https:\/\/centers.ulbsibiu.ro\/ccsprise\/lact\/wp-json\/wp\/v2\/posts"}],"about":[{"href":"https:\/\/centers.ulbsibiu.ro\/ccsprise\/lact\/wp-json\/wp\/v2\/types\/post"}],"author":[{"embeddable":true,"href":"https:\/\/centers.ulbsibiu.ro\/ccsprise\/lact\/wp-json\/wp\/v2\/users\/2"}],"replies":[{"embeddable":true,"href":"https:\/\/centers.ulbsibiu.ro\/ccsprise\/lact\/wp-json\/wp\/v2\/comments?post=6277"}],"version-history":[{"count":1,"href":"https:\/\/centers.ulbsibiu.ro\/ccsprise\/lact\/wp-json\/wp\/v2\/posts\/6277\/revisions"}],"predecessor-version":[{"id":6278,"href":"https:\/\/centers.ulbsibiu.ro\/ccsprise\/lact\/wp-json\/wp\/v2\/posts\/6277\/revisions\/6278"}],"wp:attachment":[{"href":"https:\/\/centers.ulbsibiu.ro\/ccsprise\/lact\/wp-json\/wp\/v2\/media?parent=6277"}],"wp:term":[{"taxonomy":"category","embeddable":true,"href":"https:\/\/centers.ulbsibiu.ro\/ccsprise\/lact\/wp-json\/wp\/v2\/categories?post=6277"},{"taxonomy":"post_tag","embeddable":true,"href":"https:\/\/centers.ulbsibiu.ro\/ccsprise\/lact\/wp-json\/wp\/v2\/tags?post=6277"}],"curies":[{"name":"wp","href":"https:\/\/api.w.org\/{rel}","templated":true}]}}