{"id":6275,"date":"2019-05-03T18:31:52","date_gmt":"2019-05-03T16:31:52","guid":{"rendered":"https:\/\/centers.ulbsibiu.ro\/ccsprise\/lact\/?p=6275"},"modified":"2019-05-03T18:31:52","modified_gmt":"2019-05-03T16:31:52","slug":"gov-md-problemele-curente-cu-care-se-confrunta-locuitorii-de-pe-ambele-maluri-ale-nistrului-discutate-in-cadrul-intrevederii-dintre-viceprim-ministrul-cristina-lesnic-cu-seful-delegatiei-uniunii-eur","status":"publish","type":"post","link":"https:\/\/centers.ulbsibiu.ro\/ccsprise\/lact\/gov-md-problemele-curente-cu-care-se-confrunta-locuitorii-de-pe-ambele-maluri-ale-nistrului-discutate-in-cadrul-intrevederii-dintre-viceprim-ministrul-cristina-lesnic-cu-seful-delegatiei-uniunii-eur\/","title":{"rendered":"Gov.md &#8211; Problemele curente cu care se confrunt\u0103 locuitorii de pe ambele maluri ale Nistrului discutate \u00een cadrul \u00eentrevederii dintre Viceprim-ministrul Cristina Lesnic cu \u015feful Delega\u0163iei Uniunii Europene la Chi\u015fin\u0103u Peter Michalko"},"content":{"rendered":"<p>Pe 02 mai 2019, Viceprim-ministrul pentru reintegrare, Cristina Lesnic, a avut o \u00eentrevedere cu \u015feful Delega\u0163iei Uniunii Europene la Chi\u015fin\u0103u, Peter Michalko.<\/p>\n<p>\u00cen cadrul dialogului s-a efectuat un schimb de opinii pe marginea diferitor aspecte ce \u0163in de problematica transnistrean\u0103, progreselor marcate \u00een implementarea subiectelor ce figureaz\u0103 \u00een a\u015fa-numitul pachet Berlin plus, proiectelor \u00een derulare pe dimensiunea promov\u0103rii m\u0103surilor de consolidare a \u00eencrederii.<\/p>\n<p>S-a trecut \u00een revist\u0103 dinamica din activitatea grupurilor de lucru sectoriale, problemele abordate \u00een platforma respectiv\u0103 \u015fi ini\u0163iativele constructive propulsate de c\u0103tre partea moldoveneasc\u0103 \u00een vederea solu\u0163ion\u0103rii dificult\u0103\u0163ilor \u00eent\u00e2mpinate de c\u0103tre locuitorii de pe ambele maluri ale Nistrului.<\/p>\n<p>Viceprim-ministrul a reiterat necesitatea mobiliz\u0103rii eforturilor \u00een vederea elimin\u0103rii barierelor existente \u00een calea liberei circula\u0163ii, finaliz\u0103rii expertizei tehnice a podului de la Gura B\u00e2cului cu suportul Misiunii OSCE \u015fi a Delega\u0163iei UE \u00een Republica Moldova, precum \u0219i a relevat succesele \u00eenregistrate \u00een preschimbarea permiselor de conducere din regiunea transnistrean\u0103 \u00een cele de model na\u021bional.<\/p>\n<p>Viceprim-ministrul a solicitat implicarea proactiv\u0103 a UE, \u00een comun cu mediatorii \u015fi observatorii din cadrul procesului de negocieri \u00een vederea contracar\u0103rii ac\u0163iunilor unilaterale ale Tiraspolului \u015fi a solu\u0163ion\u0103rii amiabile a problemelor artificial create prin a\u015fa-numitele acte ce vizeaz\u0103 s.Varni\u0163a din raionul Anenii Noi \u015fi satele din raionul Dub\u0103sari, amplasate \u00een st\u00e2nga Nistrului.<\/p>\n<p>Totodat\u0103, s-a reiterat necesitatea coordon\u0103rii prealabile cu Biroul politici de reintegrare \u015fi autorit\u0103\u0163ile competente ale Republicii Moldova a tuturor programelor de asisten\u0163\u0103 ce sunt implementate de c\u0103tre donatorii str\u0103ini \u015fi care au ca beneficiari locuitorii din regiunea transnistrean\u0103, cu invitarea reprezentan\u021bilor Biroului la reuniunile periodice ale donatorilor externi pentru a fi expus\u0103 pozi\u021bia institu\u021bional\u0103.<\/p>\n<p>Au fost abordate a\u0219tept\u0103rile Chi\u0219in\u0103ului \u00een contextul vizitei de lucru a Reprezentantului Special al Pre\u015fedin\u0163iei \u00een exerci\u0163iu al Slovaciei \u00een OSCE, domnul Franco Frattini, care va fi efectuat\u0103 \u00een timpul apropiat \u00een Republica Moldova, precum \u0219i unele aspecte legate de organizarea evenimentelor dedicate Zilei Europei.<\/p>\n<p>La finalul \u00eentrevederii, Vicepremierul a accentuat c\u0103 partea moldoveneasc\u0103 va fi \u015fi \u00een continuare activ\u0103 \u00een platformele de negocieri pentru reglementarea transnistrean\u0103, va insista pe abordarea subiectelor din toate co\u015furile de pe agenda negocierilor, inclusiv pe aspectele \u00een materie de securitate, precum \u015fi a intervenit cu apelul unei implic\u0103ri constructive a actorilor formatului de negocieri ,,5+2\u201d, \u00eentru solu\u021bionarea viabil\u0103 a tuturor problemelor actuale \u0219i convingerea Tiraspolului de a renun\u021ba la ac\u021biunile cu caracter provocator.<\/p>\n<p>Sursa:\u00a0<a href=\"https:\/\/gov.md\/ro\/content\/problemele-curente-cu-care-se-confrunta-locuitorii-de-pe-ambele-maluri-ale-nistrului\">https:\/\/gov.md\/<\/a><\/p>\n","protected":false},"excerpt":{"rendered":"<p>Pe 02 mai 2019, Viceprim-ministrul pentru reintegrare, Cristina Lesnic, a avut o \u00eentrevedere cu \u015feful Delega\u0163iei Uniunii Europene la Chi\u015fin\u0103u, Peter Michalko. \u00cen cadrul dialogului s-a efectuat un schimb de opinii pe marginea diferitor aspecte ce \u0163in de problematica transnistrean\u0103, progreselor marcate \u00een implementarea subiectelor ce figureaz\u0103 \u00een a\u015fa-numitul pachet Berlin plus, proiectelor \u00een derulare&#8230;<\/p>\n","protected":false},"author":2,"featured_media":0,"comment_status":"closed","ping_status":"open","sticky":false,"template":"","format":"standard","meta":[],"categories":[1],"tags":[],"_links":{"self":[{"href":"https:\/\/centers.ulbsibiu.ro\/ccsprise\/lact\/wp-json\/wp\/v2\/posts\/6275"}],"collection":[{"href":"https:\/\/centers.ulbsibiu.ro\/ccsprise\/lact\/wp-json\/wp\/v2\/posts"}],"about":[{"href":"https:\/\/centers.ulbsibiu.ro\/ccsprise\/lact\/wp-json\/wp\/v2\/types\/post"}],"author":[{"embeddable":true,"href":"https:\/\/centers.ulbsibiu.ro\/ccsprise\/lact\/wp-json\/wp\/v2\/users\/2"}],"replies":[{"embeddable":true,"href":"https:\/\/centers.ulbsibiu.ro\/ccsprise\/lact\/wp-json\/wp\/v2\/comments?post=6275"}],"version-history":[{"count":1,"href":"https:\/\/centers.ulbsibiu.ro\/ccsprise\/lact\/wp-json\/wp\/v2\/posts\/6275\/revisions"}],"predecessor-version":[{"id":6276,"href":"https:\/\/centers.ulbsibiu.ro\/ccsprise\/lact\/wp-json\/wp\/v2\/posts\/6275\/revisions\/6276"}],"wp:attachment":[{"href":"https:\/\/centers.ulbsibiu.ro\/ccsprise\/lact\/wp-json\/wp\/v2\/media?parent=6275"}],"wp:term":[{"taxonomy":"category","embeddable":true,"href":"https:\/\/centers.ulbsibiu.ro\/ccsprise\/lact\/wp-json\/wp\/v2\/categories?post=6275"},{"taxonomy":"post_tag","embeddable":true,"href":"https:\/\/centers.ulbsibiu.ro\/ccsprise\/lact\/wp-json\/wp\/v2\/tags?post=6275"}],"curies":[{"name":"wp","href":"https:\/\/api.w.org\/{rel}","templated":true}]}}