{"id":6273,"date":"2019-05-02T18:59:56","date_gmt":"2019-05-02T16:59:56","guid":{"rendered":"https:\/\/centers.ulbsibiu.ro\/ccsprise\/lact\/?p=6273"},"modified":"2019-05-02T18:59:56","modified_gmt":"2019-05-02T16:59:56","slug":"infotag-md-in-primul-trimestru-centrala-de-la-cuciurgan-si-a-redus-productia-de-energie-electrica-cu-14","status":"publish","type":"post","link":"https:\/\/centers.ulbsibiu.ro\/ccsprise\/lact\/infotag-md-in-primul-trimestru-centrala-de-la-cuciurgan-si-a-redus-productia-de-energie-electrica-cu-14\/","title":{"rendered":"Infotag.md &#8211; \u00ceN PRIMUL TRIMESTRU, CENTRALA DE LA CUCIURGAN \u015eI-A REDUS PRODUC\u0162IA DE ENERGIE ELECTRIC\u0102 CU 14%"},"content":{"rendered":"<p>Una dintre cele mai mari \u00eentreprinderi transnistrene \u2013 CERS Moldoveneasc\u0103 \u2013 a produs \u00een primul trimestru al anului curent 862,7 mil. kWh de energie electric\u0103, fiind cu 14% mai pu\u0163in dec\u00e2t \u00een perioada similar\u0103 a anului 2018. Astfel, s-a redus \u015fi coeficientul de folosire a capacit\u0103\u0163ilor stabilite \u2013 de la 18,37% la 15,86%.<\/p>\n<p>Surse din cadrul administra\u0163iei Centralei de la Cuciurgan au relatat pentru INFOTAG c\u0103 acest lucru \u0163ine de \u201esc\u0103derea cererii la energie electric\u0103 din partea consumatorilor\u201d.<\/p>\n<p>Produc\u0163ia de energie termic\u0103 de la colectoare, de asemenea, s-a redus, \u00eens\u0103 cu 9%, p\u00e2n\u0103 la 46,8 mii gigacalorii \u201edin cauza cre\u015fterii temperaturii aerului de afar\u0103\u201d.<\/p>\n<p>Ca \u015fi \u00een anul 2018, baza combustibilului centralei a constituit gazul \u2013 99,9%, \u00een timp ce cota de folosire a p\u0103curii a constituit 0,1%, iar a c\u0103rbunelui \u2013 0%.<\/p>\n<p>Potrivit directorului general al centralei, Alexei \u015eirma, un eveniment important \u00een aceast\u0103 perioad\u0103 a fost popularea lacului de acumulare Cuciurgan cu circa 8 tone de puie\u0163i de carp \u015fi cosa\u015f cu scopul de a \u00eembun\u0103t\u0103\u0163i starea ecologic\u0103 a lacului.<\/p>\n<p>INFOTAG precizeaz\u0103: CERS Moldoveneasc\u0103 este una dintre cele mai mari centrale electrice din Europa de Est, care activeaz\u0103 din anul 1964. \u00centreprinderea dispune de 12 blocuri energetice cu o capacitate total\u0103 de 2520 MW, dintre care func\u0163ioneaz\u0103 doar trei-patru. \u00cen perioada sovietic\u0103, Centrala asigura cu energie electric\u0103 \u00eentreaga Moldov\u0103 \u015fi sudul Ucrainei, precum \u015fi efectua exporturi \u00een Balcani. Proprietarul Centralei este compania rus\u0103 \u201eInter RAO\u201d. Centrala este principalul furnizor de energie electric\u0103 \u00een Moldova, care produse doar un sfert din energia consumat\u0103. Potrivit noului contract, p\u00e2n\u0103 la sf\u00e2r\u015fitul lunii martie 2020, Centrala va livra 85% din energia electric\u0103 importat\u0103 de Moldova la pre\u0163ul de $52,4 pentru 1 kWh.<\/p>\n<p>Sursa:\u00a0<a href=\"http:\/\/www.infotag.md\/rebelion-ro\/275431\/?fbclid=IwAR2ufed6BhYnheh6yNmwdMQ7ZEdIqShaR4NUomsuir-OjuIbpUXaD26Ix9E\">http:\/\/www.infotag.md\/<\/a><\/p>\n","protected":false},"excerpt":{"rendered":"<p>Una dintre cele mai mari \u00eentreprinderi transnistrene \u2013 CERS Moldoveneasc\u0103 \u2013 a produs \u00een primul trimestru al anului curent 862,7 mil. kWh de energie electric\u0103, fiind cu 14% mai pu\u0163in dec\u00e2t \u00een perioada similar\u0103 a anului 2018. Astfel, s-a redus \u015fi coeficientul de folosire a capacit\u0103\u0163ilor stabilite \u2013 de la 18,37% la 15,86%. Surse din&#8230;<\/p>\n","protected":false},"author":2,"featured_media":0,"comment_status":"closed","ping_status":"open","sticky":false,"template":"","format":"standard","meta":[],"categories":[1],"tags":[],"_links":{"self":[{"href":"https:\/\/centers.ulbsibiu.ro\/ccsprise\/lact\/wp-json\/wp\/v2\/posts\/6273"}],"collection":[{"href":"https:\/\/centers.ulbsibiu.ro\/ccsprise\/lact\/wp-json\/wp\/v2\/posts"}],"about":[{"href":"https:\/\/centers.ulbsibiu.ro\/ccsprise\/lact\/wp-json\/wp\/v2\/types\/post"}],"author":[{"embeddable":true,"href":"https:\/\/centers.ulbsibiu.ro\/ccsprise\/lact\/wp-json\/wp\/v2\/users\/2"}],"replies":[{"embeddable":true,"href":"https:\/\/centers.ulbsibiu.ro\/ccsprise\/lact\/wp-json\/wp\/v2\/comments?post=6273"}],"version-history":[{"count":1,"href":"https:\/\/centers.ulbsibiu.ro\/ccsprise\/lact\/wp-json\/wp\/v2\/posts\/6273\/revisions"}],"predecessor-version":[{"id":6274,"href":"https:\/\/centers.ulbsibiu.ro\/ccsprise\/lact\/wp-json\/wp\/v2\/posts\/6273\/revisions\/6274"}],"wp:attachment":[{"href":"https:\/\/centers.ulbsibiu.ro\/ccsprise\/lact\/wp-json\/wp\/v2\/media?parent=6273"}],"wp:term":[{"taxonomy":"category","embeddable":true,"href":"https:\/\/centers.ulbsibiu.ro\/ccsprise\/lact\/wp-json\/wp\/v2\/categories?post=6273"},{"taxonomy":"post_tag","embeddable":true,"href":"https:\/\/centers.ulbsibiu.ro\/ccsprise\/lact\/wp-json\/wp\/v2\/tags?post=6273"}],"curies":[{"name":"wp","href":"https:\/\/api.w.org\/{rel}","templated":true}]}}