{"id":6271,"date":"2019-05-02T18:58:13","date_gmt":"2019-05-02T16:58:13","guid":{"rendered":"https:\/\/centers.ulbsibiu.ro\/ccsprise\/lact\/?p=6271"},"modified":"2019-05-02T18:58:13","modified_gmt":"2019-05-02T16:58:13","slug":"tv8-md-un-nou-demers-al-deputatilor-acum-cer-informatii-privind-importul-energiei-electrice-si-consumul-de-gaz-din-regiunea-transnistreana","status":"publish","type":"post","link":"https:\/\/centers.ulbsibiu.ro\/ccsprise\/lact\/tv8-md-un-nou-demers-al-deputatilor-acum-cer-informatii-privind-importul-energiei-electrice-si-consumul-de-gaz-din-regiunea-transnistreana\/","title":{"rendered":"Tv8.md &#8211; Un nou demers al deputa\u021bilor ACUM. Cer informa\u021bii privind importul energiei electrice \u0219i consumul de gaz din regiunea transnistrean\u0103"},"content":{"rendered":"<p class=\"post-subtitle\">Patru deputa\u021bi ACUM au expediat un demers c\u0103tre Ministerul Economiei \u0219i Agen\u0163ia Na\u0163ional\u0103 pentru Reglementare \u00een Energetic\u0103 \u00een care solicit\u0103 informa\u021bii privind procesul de import a energiei electrice \u0219i consumul de gaz din partea regiunii transnistrene.<\/p>\n<p>Potrivit unuia din semnatarii demersului, deputatului Alexandr Slusari, anual to\u021bi consum\u0103torii energiei electrice asist\u0103 la \u201ea\u0219a-zise concursuri de selectare a furnizorilor de import a energiei electrice, organizate sub egida Ministerului Economiei \u0219i Infrastructurii. Evenimentele respective, \u00een opinia noastr\u0103, se desf\u0103\u0219oar\u0103 netransparent \u0219i \u00een afar\u0103 cadrului legal. Drept rezultat, deja mai mul\u021bi ani consum\u0103torii de pe malul drept al Nistrului, achit\u00e2nd energia electric\u0103, \u00eentre\u021bin de fapt regimul separatist \u0219i contribuie la majorarea semnificativ\u0103 a datoriilor \u021b\u0103rii pentru gazele naturale, livrate de concernul \u201eGazprom\u201d. Recent noi am aflat c\u0103 aceasta datoria a ajuns la cifra record de 6,2 MILIARDE dolari SUA\u201d, a scris Slusari explic\u00e2nd c\u0103 situa\u021bia dat\u0103 st\u0103 la baza demersului trimis autorit\u0103\u021bilor.<\/p>\n<p>Text \u0219i document:\u00a0<a href=\"http:\/\/tv8.md\/2019\/05\/02\/doc-un-nou-demers-al-deputatilor-acum-cer-informatii-privind-importul-energiei-electrice-si-consumul-de-gaz-din-regiunea-transnistreana\/\">http:\/\/tv8.md\/<\/a><\/p>\n","protected":false},"excerpt":{"rendered":"<p>Patru deputa\u021bi ACUM au expediat un demers c\u0103tre Ministerul Economiei \u0219i Agen\u0163ia Na\u0163ional\u0103 pentru Reglementare \u00een Energetic\u0103 \u00een care solicit\u0103 informa\u021bii privind procesul de import a energiei electrice \u0219i consumul de gaz din partea regiunii transnistrene. Potrivit unuia din semnatarii demersului, deputatului Alexandr Slusari, anual to\u021bi consum\u0103torii energiei electrice asist\u0103 la \u201ea\u0219a-zise concursuri de selectare&#8230;<\/p>\n","protected":false},"author":2,"featured_media":0,"comment_status":"closed","ping_status":"open","sticky":false,"template":"","format":"standard","meta":[],"categories":[1],"tags":[],"_links":{"self":[{"href":"https:\/\/centers.ulbsibiu.ro\/ccsprise\/lact\/wp-json\/wp\/v2\/posts\/6271"}],"collection":[{"href":"https:\/\/centers.ulbsibiu.ro\/ccsprise\/lact\/wp-json\/wp\/v2\/posts"}],"about":[{"href":"https:\/\/centers.ulbsibiu.ro\/ccsprise\/lact\/wp-json\/wp\/v2\/types\/post"}],"author":[{"embeddable":true,"href":"https:\/\/centers.ulbsibiu.ro\/ccsprise\/lact\/wp-json\/wp\/v2\/users\/2"}],"replies":[{"embeddable":true,"href":"https:\/\/centers.ulbsibiu.ro\/ccsprise\/lact\/wp-json\/wp\/v2\/comments?post=6271"}],"version-history":[{"count":1,"href":"https:\/\/centers.ulbsibiu.ro\/ccsprise\/lact\/wp-json\/wp\/v2\/posts\/6271\/revisions"}],"predecessor-version":[{"id":6272,"href":"https:\/\/centers.ulbsibiu.ro\/ccsprise\/lact\/wp-json\/wp\/v2\/posts\/6271\/revisions\/6272"}],"wp:attachment":[{"href":"https:\/\/centers.ulbsibiu.ro\/ccsprise\/lact\/wp-json\/wp\/v2\/media?parent=6271"}],"wp:term":[{"taxonomy":"category","embeddable":true,"href":"https:\/\/centers.ulbsibiu.ro\/ccsprise\/lact\/wp-json\/wp\/v2\/categories?post=6271"},{"taxonomy":"post_tag","embeddable":true,"href":"https:\/\/centers.ulbsibiu.ro\/ccsprise\/lact\/wp-json\/wp\/v2\/tags?post=6271"}],"curies":[{"name":"wp","href":"https:\/\/api.w.org\/{rel}","templated":true}]}}