{"id":6264,"date":"2019-05-01T15:41:51","date_gmt":"2019-05-01T13:41:51","guid":{"rendered":"https:\/\/centers.ulbsibiu.ro\/ccsprise\/lact\/?p=6264"},"modified":"2019-05-01T15:41:51","modified_gmt":"2019-05-01T13:41:51","slug":"noi-md-ani-grei-de-inchisoare-pentru-fostul-sef-de-interne-de-la-tiraspol","status":"publish","type":"post","link":"https:\/\/centers.ulbsibiu.ro\/ccsprise\/lact\/noi-md-ani-grei-de-inchisoare-pentru-fostul-sef-de-interne-de-la-tiraspol\/","title":{"rendered":"Noi.md &#8211; Ani grei de \u00eenchisoare pentru fostul \u0219ef de Interne de la Tiraspol"},"content":{"rendered":"<p>Fostul \u0219ef al a\u0219a-zisului Departament de Interne din st\u00e2nga Nistrului, Ghenadie Kuzmiciov, a fost condamnat la 13 ani de \u00eenchisoare pentru contraband\u0103, transmite IPN cit\u00e2nd pagina electronic\u0103 a Agen\u021biei de pres\u0103 \u201eRegnum\u201d.<\/p>\n<p>Ghenadie Kuzmiciov a fost condamnat la \u00eenchisoare, cu executarea pedepsei \u00een penitenciar de tip \u00eenchis, fiind dispus\u0103 \u0219i achitarea unei amenzi de circa 1700 de dolari. Acestuia i-au fost retrase titlurile \u0219i ordinile pe care le de\u021binea. Kuzmiciov, care a fost \u0219i la conducerea v\u0103mii transnistrene, a fost g\u0103sit vinovat de crearea unei grup\u0103ri criminale care lua mit\u0103 pentru a facilita trecerea m\u0103rfurilor de contraband\u0103. Recent, \u00eentr-o conferin\u021b\u0103 de pres\u0103 la IPN, avocatul lui Ghenadie Kuzmiciov, Veaceslav \u021aurcan, declara c\u0103 clientul s\u0103u, care a fost \u201er\u0103pit vara trecut\u0103 de pe traseul Chi\u0219in\u0103u-Leu\u0219eni \u0219i \u00eenchis \u00eentr-un penitenciar din regiunea transnistrean\u0103\u201d, nu are parte de o anchet\u0103 efectiv\u0103. Avocatul a mai spus c\u0103 starea de s\u0103n\u0103tate a clientului s\u0103u s-a \u00eenr\u0103ut\u0103\u021bit, iar medicilor priva\u021bi, contracta\u021bi de familie, nu le este permis s\u0103-l consulte.<\/p>\n<p>Cite\u0219te mai mult: <a href=\"https:\/\/noi.md\/md\/societate\/ani-grei-de-inchisoare-pentru-fostul-sef-de-interne-de-la-tiraspol\">https:\/\/noi.md\/md\/societate\/ani-grei-de-inchisoare-pentru-fostul-sef-de-interne-de-la-tiraspol<\/a><br \/>\nFacebook: <a href=\"https:\/\/www.facebook.com\/NOI.md\/\">NOI.md<\/a> | Odnoklassniki: <a href=\"https:\/\/www.ok.ru\/noi.moldova\">Noi.Moldova<\/a><\/p>\n","protected":false},"excerpt":{"rendered":"<p>Fostul \u0219ef al a\u0219a-zisului Departament de Interne din st\u00e2nga Nistrului, Ghenadie Kuzmiciov, a fost condamnat la 13 ani de \u00eenchisoare pentru contraband\u0103, transmite IPN cit\u00e2nd pagina electronic\u0103 a Agen\u021biei de pres\u0103 \u201eRegnum\u201d. Ghenadie Kuzmiciov a fost condamnat la \u00eenchisoare, cu executarea pedepsei \u00een penitenciar de tip \u00eenchis, fiind dispus\u0103 \u0219i achitarea unei amenzi de circa&#8230;<\/p>\n","protected":false},"author":2,"featured_media":0,"comment_status":"closed","ping_status":"open","sticky":false,"template":"","format":"standard","meta":[],"categories":[1],"tags":[],"_links":{"self":[{"href":"https:\/\/centers.ulbsibiu.ro\/ccsprise\/lact\/wp-json\/wp\/v2\/posts\/6264"}],"collection":[{"href":"https:\/\/centers.ulbsibiu.ro\/ccsprise\/lact\/wp-json\/wp\/v2\/posts"}],"about":[{"href":"https:\/\/centers.ulbsibiu.ro\/ccsprise\/lact\/wp-json\/wp\/v2\/types\/post"}],"author":[{"embeddable":true,"href":"https:\/\/centers.ulbsibiu.ro\/ccsprise\/lact\/wp-json\/wp\/v2\/users\/2"}],"replies":[{"embeddable":true,"href":"https:\/\/centers.ulbsibiu.ro\/ccsprise\/lact\/wp-json\/wp\/v2\/comments?post=6264"}],"version-history":[{"count":1,"href":"https:\/\/centers.ulbsibiu.ro\/ccsprise\/lact\/wp-json\/wp\/v2\/posts\/6264\/revisions"}],"predecessor-version":[{"id":6265,"href":"https:\/\/centers.ulbsibiu.ro\/ccsprise\/lact\/wp-json\/wp\/v2\/posts\/6264\/revisions\/6265"}],"wp:attachment":[{"href":"https:\/\/centers.ulbsibiu.ro\/ccsprise\/lact\/wp-json\/wp\/v2\/media?parent=6264"}],"wp:term":[{"taxonomy":"category","embeddable":true,"href":"https:\/\/centers.ulbsibiu.ro\/ccsprise\/lact\/wp-json\/wp\/v2\/categories?post=6264"},{"taxonomy":"post_tag","embeddable":true,"href":"https:\/\/centers.ulbsibiu.ro\/ccsprise\/lact\/wp-json\/wp\/v2\/tags?post=6264"}],"curies":[{"name":"wp","href":"https:\/\/api.w.org\/{rel}","templated":true}]}}