{"id":6262,"date":"2019-04-27T12:20:34","date_gmt":"2019-04-27T10:20:34","guid":{"rendered":"https:\/\/centers.ulbsibiu.ro\/ccsprise\/lact\/?p=6262"},"modified":"2019-04-27T12:20:34","modified_gmt":"2019-04-27T10:20:34","slug":"infotag-md-expert-transnistrean-criza-politica-interna-din-moldova-nu-va-fi-depasita-pana-la-mijlocul-lunii-mai","status":"publish","type":"post","link":"https:\/\/centers.ulbsibiu.ro\/ccsprise\/lact\/infotag-md-expert-transnistrean-criza-politica-interna-din-moldova-nu-va-fi-depasita-pana-la-mijlocul-lunii-mai\/","title":{"rendered":"Infotag.md &#8211; EXPERT TRANSNISTREAN: CRIZA POLITIC\u0102 INTERN\u0102 DIN MOLDOVA Nu VA FI DEP\u0102\u015eIT\u0102 P\u00c2N\u0102 LA MIJLOCUL LUNII MAI"},"content":{"rendered":"<p>Este pu\u021bin probabil ca criza politic\u0103 intern\u0103 din Republica Moldova s\u0103 se rezolve p\u00e2n\u0103 la mijlocul lunii mai, sus\u0163ine expertul transnistrean Andrei Mospanov.<\/p>\n<p>Potrivit agen\u0163iei INFOTAG, la Tiraspol, \u00een cadrul \u015fedin\u0163ei clubului de dezbateri privind situa\u021bia postelectoral\u0103 din Republica Moldova, el a spus c\u0103, \u201east\u0103zi, probabilitatea unei coali\u021bii \u00eentre Partidul Democrat \u0219i blocul ACUM este zero, o coali\u0163ie \u00eentre PSRM \u015fi ACUM &#8211; 10%, o coali\u0163ie \u00eentre PDM \u015fi PSRM &#8211; 35%, iar probabilitatea alegerilor anticipate este de 55%\u201d.<br \/>\n\u201eDac\u0103 vor fi declan\u015fate alegeri anticipate, PDM va avea doar de c\u00e2\u015ftigat (mai ales dac\u0103 scrutinul va fi comasat cu alegerile locale), PSRM va r\u0103m\u00e2ne cu voturile sale, iar ACUM va pierde\u201d, a men\u021bionat expertul.<br \/>\nEl a atras aten\u021bia asupra calmului de care d\u0103 dovad\u0103 p\u00e2n\u0103 acum Partidul Democrat, condus de Vlad Plahotniuc.<br \/>\n\u201ePDM s ocup\u0103 de probleme curente: elaboreaz\u0103 un program de guvernare pentru 2019-2023, planteaz\u0103 pomi \u0219i a\u0219a mai departe. Un posibil motiv pentru calmul PDM este c\u0103 conducerea sa \u0219tie: toate acestea oricum se vor \u00eencheia cu o coali\u021bie PDM + PSRM; sau vor fi alegeri parlamentare anticipate \u0219i deja se pot preg\u0103ti pentru acestea; sau orice \u00eencercare de a coopera cu ACUM \u0219i PSRM va dura foarte pu\u0163in\u201d, a spus Mospanov.<br \/>\nPotrivit expertului Igor \u015eornikov, deocamdat\u0103, nici Moscova, nici Bruxellesul nu au o viziune clar\u0103 referitor la evenimentele din Moldova.<br \/>\n\u201eO parte din parlamentarii europeni cred, de exemplu, c\u0103 lui Andrei N\u0103stase (liderul Platformei DA \u2013 \u201eI.\u201d) ar trebui s\u0103 i se ofere \u015fansa de a crea o coali\u021bie cu PSRM. Iar la Moscova, posibil, crede c\u0103 este logic s\u0103 se ajung\u0103 la alegeri anticipate, pentru ca PSRM s\u0103 corecteze gre\u0219elile care au fost f\u0103cute \u00een campania electoral\u0103 din iarn\u0103\u201d, sus\u0163ine el.<br \/>\nFostul ministru transnistrean de externe, Vladimir Iastrebceak, \u0219i-a exprimat opinia c\u0103 \u201eo coali\u021bie poten\u021bial\u0103 \u00eentre PSRM \u0219i ACUM este \u00een mare m\u0103sur\u0103 alimentat\u0103 de voin\u021ba curatorilor de la Moscova \u0219i Bruxelles, care determin\u0103 aceste forma\u021biuni s\u0103 manifeste o oarecare activitate, ar\u0103t\u00e2nd c\u0103 depun eforturi pentru a crea o coali\u021bie\u201d.<br \/>\n\u00cen acela\u0219i timp, el nu exclude posibilitatea cre\u0103rii unei majorit\u0103\u0163i de guvern\u0103m\u00e2nt \u201edatorit\u0103 deputa\u021bilor transfugi de la o frac\u0163iune sau alta, de\u015fi p\u00e2n\u0103 acum totul pare monolitic\u201d.<br \/>\nAnalistul politic Andrei Safonov a reamintit c\u0103 \u201eTransnistriei \u00eei convine men\u021binerea independen\u021bei, securit\u0103\u021bii \u0219i stabilit\u0103\u021bii \u00een economie; de asemenea, Transnistriei \u00eei convine \u015fi ca partidele politice din Moldova s\u0103 lupte \u00eentre ele\u201d.<br \/>\nConform prognozelor sale, formula PSRM + ACUM nu va da nimic Moscovei: numai Occidentul va avea de c\u00e2\u015ftigat, pentru c\u0103, cu ajutorul sociali\u0219tilor, Partidul Democrat va fi eliminat, iar apoi ACUM va transforma PSRM \u00eentr-o \u021bint\u0103 mai mare\u201d.<\/p>\n<p>Sursa:\u00a0<a href=\"http:\/\/www.infotag.md\/rebelion-ro\/275384\/\">http:\/\/www.infotag.md\/<\/a><\/p>\n","protected":false},"excerpt":{"rendered":"<p>Este pu\u021bin probabil ca criza politic\u0103 intern\u0103 din Republica Moldova s\u0103 se rezolve p\u00e2n\u0103 la mijlocul lunii mai, sus\u0163ine expertul transnistrean Andrei Mospanov. Potrivit agen\u0163iei INFOTAG, la Tiraspol, \u00een cadrul \u015fedin\u0163ei clubului de dezbateri privind situa\u021bia postelectoral\u0103 din Republica Moldova, el a spus c\u0103, \u201east\u0103zi, probabilitatea unei coali\u021bii \u00eentre Partidul Democrat \u0219i blocul ACUM este&#8230;<\/p>\n","protected":false},"author":2,"featured_media":0,"comment_status":"closed","ping_status":"open","sticky":false,"template":"","format":"standard","meta":[],"categories":[1],"tags":[],"_links":{"self":[{"href":"https:\/\/centers.ulbsibiu.ro\/ccsprise\/lact\/wp-json\/wp\/v2\/posts\/6262"}],"collection":[{"href":"https:\/\/centers.ulbsibiu.ro\/ccsprise\/lact\/wp-json\/wp\/v2\/posts"}],"about":[{"href":"https:\/\/centers.ulbsibiu.ro\/ccsprise\/lact\/wp-json\/wp\/v2\/types\/post"}],"author":[{"embeddable":true,"href":"https:\/\/centers.ulbsibiu.ro\/ccsprise\/lact\/wp-json\/wp\/v2\/users\/2"}],"replies":[{"embeddable":true,"href":"https:\/\/centers.ulbsibiu.ro\/ccsprise\/lact\/wp-json\/wp\/v2\/comments?post=6262"}],"version-history":[{"count":1,"href":"https:\/\/centers.ulbsibiu.ro\/ccsprise\/lact\/wp-json\/wp\/v2\/posts\/6262\/revisions"}],"predecessor-version":[{"id":6263,"href":"https:\/\/centers.ulbsibiu.ro\/ccsprise\/lact\/wp-json\/wp\/v2\/posts\/6262\/revisions\/6263"}],"wp:attachment":[{"href":"https:\/\/centers.ulbsibiu.ro\/ccsprise\/lact\/wp-json\/wp\/v2\/media?parent=6262"}],"wp:term":[{"taxonomy":"category","embeddable":true,"href":"https:\/\/centers.ulbsibiu.ro\/ccsprise\/lact\/wp-json\/wp\/v2\/categories?post=6262"},{"taxonomy":"post_tag","embeddable":true,"href":"https:\/\/centers.ulbsibiu.ro\/ccsprise\/lact\/wp-json\/wp\/v2\/tags?post=6262"}],"curies":[{"name":"wp","href":"https:\/\/api.w.org\/{rel}","templated":true}]}}