{"id":6258,"date":"2019-04-25T18:16:55","date_gmt":"2019-04-25T16:16:55","guid":{"rendered":"https:\/\/centers.ulbsibiu.ro\/ccsprise\/lact\/?p=6258"},"modified":"2019-04-25T18:16:55","modified_gmt":"2019-04-25T16:16:55","slug":"gov-md-probleme-si-solutii-abordate-de-catre-viceprim-ministrul-pentru-reintegrare-cristina-lesnic-in-cadrul-discutiilor-cu-seful-misiunii-osce-in-republica-moldova-claus-neukirch","status":"publish","type":"post","link":"https:\/\/centers.ulbsibiu.ro\/ccsprise\/lact\/gov-md-probleme-si-solutii-abordate-de-catre-viceprim-ministrul-pentru-reintegrare-cristina-lesnic-in-cadrul-discutiilor-cu-seful-misiunii-osce-in-republica-moldova-claus-neukirch\/","title":{"rendered":"Gov.md &#8211; Probleme \u015fi solu\u0163ii abordate de c\u0103tre Viceprim-ministrul pentru reintegrare, Cristina Lesnic \u00een cadrul discu\u0163iilor cu \u015feful Misiunii OSCE \u00een Republica Moldova, Claus Neukirch"},"content":{"rendered":"<p>Viceprim-ministru Cristina Lesnic l-a primit ieri, 24 aprilie 2019, pe \u015eeful Misiunii OSCE \u00een Republica Moldova, Claus Neukirch. La \u00eentrevedere au fost prezen\u0163i reprezentan\u021bi ai Biroului politici de reintegrare, precum \u0219i ai Ministerului Afacerilor Externe \u0219i Integr\u0103rii Europene.<\/p>\n<p>\u00cent\u00e2lnirea a prilejuit un schimb de opinii cu privire la subiectele de actualitate aflate pe agenda dup\u0103 un an de la semnarea Deciziei protocolare cu privire la participarea \u00een traficul rutier interna\u021bional a autovehiculelor din regiunea transnistrean\u0103 care nu desf\u0103\u0219oar\u0103 activit\u0103\u021bi comerciale \u0219i circa 8 luni de la implementarea acesteia.<\/p>\n<p>Cu acest prilej a fost remarcat nivelul de concordan\u021b\u0103 al analizelor \u0219i evalu\u0103rilor cu privire la situa\u021bia actual\u0103 \u00een procesul de \u00eenmatriculare a autovehiculelor cu pl\u0103cu\u0163e de tip neutru, de propunerea introducerii op\u0163ionale a r\u00e2ndului viu, pe l\u00e2ng\u0103 program\u0103rile on-line, astfel oferind mai mult\u0103 comoditate solicitan\u0163ilor \u015fi op\u0163iuni suplimentare de \u00eenregistrare a mijloacelor de transport.<\/p>\n<p>Viceprim-ministru a prezentat \u0218efului Misiunii lista problemelor cu care se confrunt\u0103 localnicii de la Varni\u021ba \u0219i a solicitat Misiunii OSCE implicarea sa \u00een solu\u021bionarea acestora, \u00een particular, \u00een partea ce \u0163ine de o serie de ac\u0163iuni unilaterale \u00eentreprinse de c\u0103tre a\u015fa-numitele structuri transnistrene: aplicarea nelegitim\u0103 a unor taxe fiscale, solicitarea achit\u0103rii vinietei de c\u0103tre conduc\u0103torii de autovehicule cet\u0103\u0163eni ai Republicii Moldova, impunerea \u00eenregistr\u0103rii bunurilor imobile \u00een or.Bender, obligarea complet\u0103rii cartei migra\u0163ionale pentru cet\u0103\u0163enii Republicii Moldova la traversarea punctelor neautorizate de control de pe linia administrativ\u0103, \u015f.a.<\/p>\n<p>Printre subiectele discutate a figurat \u015fi problematica respect\u0103rii drepturilor omului \u00een regiunea transnistrean\u0103, fiind relevat\u0103 necesitatea mobiliz\u0103rii eforturilor comune \u00een vederea asigur\u0103rii asisten\u0163ei necesare victimelor a c\u0103ror drepturi \u015fi libert\u0103\u0163i fundamentale au fost lezate, precum \u015fi a elimin\u0103rii impedimentelor artificiale \u00een calea liberei circula\u0163ii.<\/p>\n<p>De asemenea, Cristina Lesnic a readus \u00een aten\u0163ie subiectul podului de la Gura B\u00e2cului, accentu\u00e2nd necesitatea finaliz\u0103rii procesului de expertizare tehnic\u0103 a acestuia \u015fi a efectu\u0103rii lucr\u0103rilor de repara\u0163ie \u015fi de consolidare a infrastructurii, cu reiterarea mesajului c\u0103 miz\u0103m \u015fi \u00een continuare pe suportul Misiunii OSCE \u00een acest sens.<\/p>\n<p>Ambasadorul Claus Neukirch a exprimat sincere mul\u0163umiri pentru buna organizare a evenimentului din 16 aprilie 2019 \u00een contextul vizitei expertului interna\u021bional \u00een domeniul farmaceutic Dr. Michael Morris la Laboratorul pentru Controlul Calit\u0103\u021bii Medicamentelor din incinta Agen\u021biei Medicamentului \u0219i Dispozitivelor Medicale, unul din cele mai performante din Europa de Sud-Est \u015fi activitatea c\u0103ruia corespunde celor mai \u00eenalte standarde de calitate.<\/p>\n<p>\u015eeful Misiunii OSCE a men\u0163ionat despre probabilitatea efectu\u0103rii \u00een timpul apropiat a unei vizite de lucru la Chi\u015fin\u0103u \u00een calitatea Reprezentantului Special al Pre\u0219edintelui \u00een exerci\u021biu al OSCE pentru procesul de reglementare transnistrean\u0103 Franco Frattini.<\/p>\n<p>La finalul discu\u0163iilor, Viceprim-ministru a pus \u00een eviden\u0163\u0103 necesitatea implic\u0103rii mediatorilor \u015fi observatorilor \u00een procesul de negocieri \u00een vederea solu\u0163ion\u0103rii problemelor din s.Varni\u0163a pentru a detensiona situa\u0163ia \u015fi a stopa ac\u0163iunile cu caracter provocator.<\/p>\n<p>Sursa:\u00a0<a href=\"https:\/\/gov.md\/ro\/content\/probleme-si-solutii-abordate-de-catre-viceprim-ministrul-pentru-reintegrare-cristina-lesnic\">https:\/\/gov.md\/<\/a><\/p>\n","protected":false},"excerpt":{"rendered":"<p>Viceprim-ministru Cristina Lesnic l-a primit ieri, 24 aprilie 2019, pe \u015eeful Misiunii OSCE \u00een Republica Moldova, Claus Neukirch. La \u00eentrevedere au fost prezen\u0163i reprezentan\u021bi ai Biroului politici de reintegrare, precum \u0219i ai Ministerului Afacerilor Externe \u0219i Integr\u0103rii Europene. \u00cent\u00e2lnirea a prilejuit un schimb de opinii cu privire la subiectele de actualitate aflate pe agenda dup\u0103&#8230;<\/p>\n","protected":false},"author":2,"featured_media":0,"comment_status":"closed","ping_status":"open","sticky":false,"template":"","format":"standard","meta":[],"categories":[1],"tags":[],"_links":{"self":[{"href":"https:\/\/centers.ulbsibiu.ro\/ccsprise\/lact\/wp-json\/wp\/v2\/posts\/6258"}],"collection":[{"href":"https:\/\/centers.ulbsibiu.ro\/ccsprise\/lact\/wp-json\/wp\/v2\/posts"}],"about":[{"href":"https:\/\/centers.ulbsibiu.ro\/ccsprise\/lact\/wp-json\/wp\/v2\/types\/post"}],"author":[{"embeddable":true,"href":"https:\/\/centers.ulbsibiu.ro\/ccsprise\/lact\/wp-json\/wp\/v2\/users\/2"}],"replies":[{"embeddable":true,"href":"https:\/\/centers.ulbsibiu.ro\/ccsprise\/lact\/wp-json\/wp\/v2\/comments?post=6258"}],"version-history":[{"count":1,"href":"https:\/\/centers.ulbsibiu.ro\/ccsprise\/lact\/wp-json\/wp\/v2\/posts\/6258\/revisions"}],"predecessor-version":[{"id":6259,"href":"https:\/\/centers.ulbsibiu.ro\/ccsprise\/lact\/wp-json\/wp\/v2\/posts\/6258\/revisions\/6259"}],"wp:attachment":[{"href":"https:\/\/centers.ulbsibiu.ro\/ccsprise\/lact\/wp-json\/wp\/v2\/media?parent=6258"}],"wp:term":[{"taxonomy":"category","embeddable":true,"href":"https:\/\/centers.ulbsibiu.ro\/ccsprise\/lact\/wp-json\/wp\/v2\/categories?post=6258"},{"taxonomy":"post_tag","embeddable":true,"href":"https:\/\/centers.ulbsibiu.ro\/ccsprise\/lact\/wp-json\/wp\/v2\/tags?post=6258"}],"curies":[{"name":"wp","href":"https:\/\/api.w.org\/{rel}","templated":true}]}}