{"id":6256,"date":"2019-04-24T19:36:07","date_gmt":"2019-04-24T17:36:07","guid":{"rendered":"https:\/\/centers.ulbsibiu.ro\/ccsprise\/lact\/?p=6256"},"modified":"2019-04-24T19:36:07","modified_gmt":"2019-04-24T17:36:07","slug":"gov-md-un-an-de-la-semnarea-deciziei-protocolare-privind-accederea-in-traficul-rutier-international-a-autovehiculelor-din-regiunea-transnistreana","status":"publish","type":"post","link":"https:\/\/centers.ulbsibiu.ro\/ccsprise\/lact\/gov-md-un-an-de-la-semnarea-deciziei-protocolare-privind-accederea-in-traficul-rutier-international-a-autovehiculelor-din-regiunea-transnistreana\/","title":{"rendered":"Gov.md &#8211; Un an de la semnarea Deciziei protocolare privind accederea \u00een traficul rutier interna\u021bional a autovehiculelor din regiunea transnistrean\u0103"},"content":{"rendered":"<p>Ast\u0103zi, se \u00eempline\u0219te un an de la semnarea Deciziei protocolare cu privire la participarea \u00een traficul rutier interna\u021bional a autovehiculelor din regiunea transnistrean\u0103 care nu desf\u0103\u0219oar\u0103 activit\u0103\u021bi comerciale (24.04.2018) \u0219i circa 8 luni de la implementarea acesteia.<\/p>\n<p>De la lansarea \u00een data de 1 septembrie 2018, or. Tiraspol \u0219i R\u00e2bni\u021ba, a celor dou\u0103 puncte de \u00eenmatriculare a mijloacelor de transport , mecanismul de \u00eenregistrare \u0219i re\u00eenregistrare a mijloacelor de transport este func\u021bional de la data de 10 septembrie 2018.<\/p>\n<p>Reamintim c\u0103 prin acest mecanism benevol s-a identificat o solu\u021bie viabil\u0103 la problema accederii \u00een traficul rutier interna\u021bional a mijloacelor de transport din regiunea transnistrean\u0103 \u0219i prestarea serviciilor de c\u0103tre angaja\u021bii Agen\u021biei Servicii Publice pe malul st\u00e2ng al Nistrului, \u00een oficiile de \u00eenmatriculare a mijloacelor de transport.<\/p>\n<p>Pe parcursul perioadei de implementare a mecanismului nominalizat s-a urm\u0103rit un interes sporit al solicitan\u021bilor \u00een procesul de \u00eenmatriculare a autovehiculelor cu pl\u0103cu\u021be de tip neutru.<\/p>\n<p>Astfel, dinamica demonstreaz\u0103, c\u0103 pe parcursul a 8 luni de implementare, \u00een oficiile de la R\u00e2bni\u021ba \u0219i Tiraspol au fost \u00eenregistrate 2905 \u0219i documente (comodate) \u00een num\u0103r de 755.<\/p>\n<p>Num\u0103rul total al beneficiarilor mecanismului de \u00eenregistrare\/re\u00eenregistrare a mijloacelor de transport \u0219i perfectarea actelor sunt 3677 persoane.<\/p>\n<p>O tendin\u021b\u0103 pozitiv\u0103 aparte este preschimbarea permiselor de conducere de c\u0103tre locuitorii regiunii transnistrene la Agen\u021bia Servicii Publice pentru accederea \u00een trafic rutier interna\u021bional pentru a corespunde cerin\u021belor prevederilor Conven\u021biei de la Viena din 1968 asupra circula\u021biei rutiere.<\/p>\n<p>Men\u021bion\u0103m c\u0103 permisul de conducere nu a fost obiectul Deciziei protocolare enun\u021bate.<\/p>\n<p>Din aceast\u0103 perspectiv\u0103, tendin\u021ba preschimb\u0103rii permiselor de conducere \u00een c\u00e2mpul legal al Republicii Moldova este \u00een cre\u0219tere, av\u00e2nd \u00een vedere c\u0103 doar pe durata implement\u0103rii Deciziei protocolare cu privire la participarea \u00een traficul rutier interna\u021bional a autovehiculelor din regiunea transnistrean\u0103 care nu desf\u0103\u0219oar\u0103 activit\u0103\u021bi comerciale au fost preschimbate 3305, dintre care doar pe parcursul primelor luni ale anului 2019, acestea constituind cifra de 1143.<\/p>\n<p>Potrivit datelor ob\u021binute de la autorit\u0103\u021bile na\u021bionale competente, fluxul pe direc\u021bia travers\u0103rilor controlate de autorit\u0103\u021bile constitu\u021bionale sunt \u00een regim normal \u0219i f\u0103r\u0103 dificult\u0103\u021bi.<\/p>\n<p>Partea moldoveneasc\u0103 continu\u0103 s\u0103-\u0219i onoreze angajamentele pentru prestarea unor servicii calitative locuitorilor din regiunea transnistrean\u0103 pentru a beneficia de acces \u00een traficul rutier interna\u021bional.<\/p>\n<p>Sursa:\u00a0<a href=\"https:\/\/gov.md\/ro\/content\/un-de-la-semnarea-deciziei-protocolare-privind-accederea-traficul-rutier-international\">https:\/\/gov.md\/<\/a><\/p>\n","protected":false},"excerpt":{"rendered":"<p>Ast\u0103zi, se \u00eempline\u0219te un an de la semnarea Deciziei protocolare cu privire la participarea \u00een traficul rutier interna\u021bional a autovehiculelor din regiunea transnistrean\u0103 care nu desf\u0103\u0219oar\u0103 activit\u0103\u021bi comerciale (24.04.2018) \u0219i circa 8 luni de la implementarea acesteia. De la lansarea \u00een data de 1 septembrie 2018, or. Tiraspol \u0219i R\u00e2bni\u021ba, a celor dou\u0103 puncte de&#8230;<\/p>\n","protected":false},"author":2,"featured_media":0,"comment_status":"closed","ping_status":"open","sticky":false,"template":"","format":"standard","meta":[],"categories":[1],"tags":[],"_links":{"self":[{"href":"https:\/\/centers.ulbsibiu.ro\/ccsprise\/lact\/wp-json\/wp\/v2\/posts\/6256"}],"collection":[{"href":"https:\/\/centers.ulbsibiu.ro\/ccsprise\/lact\/wp-json\/wp\/v2\/posts"}],"about":[{"href":"https:\/\/centers.ulbsibiu.ro\/ccsprise\/lact\/wp-json\/wp\/v2\/types\/post"}],"author":[{"embeddable":true,"href":"https:\/\/centers.ulbsibiu.ro\/ccsprise\/lact\/wp-json\/wp\/v2\/users\/2"}],"replies":[{"embeddable":true,"href":"https:\/\/centers.ulbsibiu.ro\/ccsprise\/lact\/wp-json\/wp\/v2\/comments?post=6256"}],"version-history":[{"count":1,"href":"https:\/\/centers.ulbsibiu.ro\/ccsprise\/lact\/wp-json\/wp\/v2\/posts\/6256\/revisions"}],"predecessor-version":[{"id":6257,"href":"https:\/\/centers.ulbsibiu.ro\/ccsprise\/lact\/wp-json\/wp\/v2\/posts\/6256\/revisions\/6257"}],"wp:attachment":[{"href":"https:\/\/centers.ulbsibiu.ro\/ccsprise\/lact\/wp-json\/wp\/v2\/media?parent=6256"}],"wp:term":[{"taxonomy":"category","embeddable":true,"href":"https:\/\/centers.ulbsibiu.ro\/ccsprise\/lact\/wp-json\/wp\/v2\/categories?post=6256"},{"taxonomy":"post_tag","embeddable":true,"href":"https:\/\/centers.ulbsibiu.ro\/ccsprise\/lact\/wp-json\/wp\/v2\/tags?post=6256"}],"curies":[{"name":"wp","href":"https:\/\/api.w.org\/{rel}","templated":true}]}}