{"id":6253,"date":"2019-04-23T19:49:06","date_gmt":"2019-04-23T17:49:06","guid":{"rendered":"https:\/\/centers.ulbsibiu.ro\/ccsprise\/lact\/?p=6253"},"modified":"2019-04-23T19:49:06","modified_gmt":"2019-04-23T17:49:06","slug":"noi-md-ministerul-rus-de-externe-trebuie-sa-depasim-perioada-de-liniste-in-negocierile-privind-reglementarea-transnistreana","status":"publish","type":"post","link":"https:\/\/centers.ulbsibiu.ro\/ccsprise\/lact\/noi-md-ministerul-rus-de-externe-trebuie-sa-depasim-perioada-de-liniste-in-negocierile-privind-reglementarea-transnistreana\/","title":{"rendered":"Noi.md &#8211; Ministerul rus de Externe: Trebuie s\u0103 dep\u0103\u0219im perioada de lini\u0219te \u00een negocierile privind reglementarea transnistrean\u0103"},"content":{"rendered":"<p>Negocierile cu privire la Transnistria nu ar trebui s\u0103 devin\u0103 ostaticele proceselor politice interne, este necesar\u0103 dep\u0103\u0219irea perioadei de lini\u0219te \u0219i reluarea practicii deplas\u0103rii \u00een regiune a mediatorilor \u0219i observatorilor \u00een formatul 5+2.Despre acest lucru a men\u021bionat \u00eentr-un interviu pentru TASS ambasadorul pentru misiuni speciale, reprezentantul Rusiei \u00een procesul de negocieri privind reglementarea transnistrean\u0103, Serghei Gubarev, transmite Noi.md.<\/p>\n<p>Diplomatul a spus c\u0103 la \u00eenceputul lunii aprilie a vizitat regiunea \u0219i a avut o serie de \u00eent\u00eelniri importante la Chi\u0219in\u0103u \u0219i Tiraspol, \u00een cadrul c\u0103rora &#8220;a avut loc un schimb de opinii interesant cu privire la etapa actual\u0103 a procesului de reglementare transnistrean\u0103 \u0219i la dialogul direct dintre cele dou\u0103 maluri ale Nistrului&#8221;.<\/p>\n<p>Chestiunea muni\u021biilor ruse\u0219ti din Cobasna, discutat\u0103 de Lesnic cu Gubarev &#8220;Am atras aten\u021bia partidelor asupra contraproductivit\u0103\u021bii de reducere a intensit\u0103\u021bii negocierilor: ultima reuniune \u00een formatul 5+2 (Moldova \u0219i Transnistria s\u00eent p\u0103r\u021bile conflictului, Federa\u021bia Rus\u0103 \u0219i Ucraina s\u00eent garan\u021bi \u0219i mediatori, OSCE &#8211; mediator, iar SUA \u0219i Uniunea European\u0103 &#8211; observatori) a avut loc cu aproape un an \u00een\u00a0urm\u0103, iar ultima \u00eentlnire \u00een formatul &#8220;1+1&#8221; (p\u0103r\u021bile conflictului) &#8211; \u00een luna octombrie a anului trecut\u201d, -a spus el.<\/p>\n<p>&#8220;Desigur, mi se poate repro\u0219a, explic\u00eend acest calm prin motive obiective. Cu toate acestea, s\u00eent sigur c\u0103 o astfel de problem\u0103 complex\u0103 precum reglementarea transnistrean\u0103 nu ar trebui s\u0103 devin\u0103 ostatica unor procese politice interne&#8221;, a declarat Serghei Gubarev.&#8221;Ca prim pas, cred c\u0103 ar trebui re\u00eennoit\u0103 practica deplas\u0103rilor mediatorilor \u0219i a observatorilor \u00een regiune \u00een formatul 5+2. Astfel de vizite aveau loc anual p\u00een\u0103 \u00een 2017, contribuind, astfel, at\u00eet la crearea unei imagini reale a situa\u021biei din regiune, c\u00eet \u0219i la rezolvarea de c\u0103tre p\u0103r\u021bi a unor aspecte practice. Misiunea OSCE \u00een Moldova are experien\u021b\u0103 \u00een organizarea unor astfel de vizite \u0219i mi se pare c\u0103 p\u0103r\u021bile moldovene\u0219ti \u0219i transnistrene au aceea\u0219i \u00een\u021belegere&#8221;, a subliniat reprezentantul Rusiei \u00een procesul de negocieri privind reglementarea transnistrean\u0103. &#8220;Unica solu\u021bie a solu\u021bion\u0103rii problemei transnistrene, subliniez &#8211; problem\u0103 \u0219i nu conflict, este un compromis deliberat \u0219i echilibrat, care s\u0103 fie acceptat de popula\u021bia de pe malul st\u00eeng \u0219i drept al Nistrului. Pot repeta ceea ce am spus de nenum\u0103rate ori: cheia rezolv\u0103rii problemei transnistrene nu se afl\u0103 la Moscova sau Washington. Ea se afl\u0103 la Chi\u0219in\u0103u \u0219i Tiraspol&#8221;, a spus el.<\/p>\n<p>Cite\u0219te mai mult: <a href=\"https:\/\/noi.md\/md\/transnistria\/ministerul-rus-de-externe-trebuie-sa-depasim-perioada-de-liniste-in-negocierile-privind-reglementarea-transnistreana?fbclid=IwAR00bANpFb0WpPiB190QX4iKqWjnYKqDx3y7KetyWEaTVq0uhi2eptHbjck\">https:\/\/noi.md\/md\/transnistria\/ministerul-rus-de-externe-trebuie-sa-depasim-perioada-de-liniste-in-negocierile-privind-reglementarea-transnistreana?fbclid=IwAR00bANpFb0WpPiB190QX4iKqWjnYKqDx3y7KetyWEaTVq0uhi2eptHbjck<\/a><br \/>\nFacebook: <a href=\"https:\/\/www.facebook.com\/NOI.md\/\">NOI.md<\/a> | Odnoklassniki: <a href=\"https:\/\/www.ok.ru\/noi.moldova\">Noi.Moldova<\/a><\/p>\n","protected":false},"excerpt":{"rendered":"<p>Negocierile cu privire la Transnistria nu ar trebui s\u0103 devin\u0103 ostaticele proceselor politice interne, este necesar\u0103 dep\u0103\u0219irea perioadei de lini\u0219te \u0219i reluarea practicii deplas\u0103rii \u00een regiune a mediatorilor \u0219i observatorilor \u00een formatul 5+2.Despre acest lucru a men\u021bionat \u00eentr-un interviu pentru TASS ambasadorul pentru misiuni speciale, reprezentantul Rusiei \u00een procesul de negocieri privind reglementarea transnistrean\u0103, Serghei&#8230;<\/p>\n","protected":false},"author":2,"featured_media":0,"comment_status":"closed","ping_status":"open","sticky":false,"template":"","format":"standard","meta":[],"categories":[1],"tags":[],"_links":{"self":[{"href":"https:\/\/centers.ulbsibiu.ro\/ccsprise\/lact\/wp-json\/wp\/v2\/posts\/6253"}],"collection":[{"href":"https:\/\/centers.ulbsibiu.ro\/ccsprise\/lact\/wp-json\/wp\/v2\/posts"}],"about":[{"href":"https:\/\/centers.ulbsibiu.ro\/ccsprise\/lact\/wp-json\/wp\/v2\/types\/post"}],"author":[{"embeddable":true,"href":"https:\/\/centers.ulbsibiu.ro\/ccsprise\/lact\/wp-json\/wp\/v2\/users\/2"}],"replies":[{"embeddable":true,"href":"https:\/\/centers.ulbsibiu.ro\/ccsprise\/lact\/wp-json\/wp\/v2\/comments?post=6253"}],"version-history":[{"count":1,"href":"https:\/\/centers.ulbsibiu.ro\/ccsprise\/lact\/wp-json\/wp\/v2\/posts\/6253\/revisions"}],"predecessor-version":[{"id":6254,"href":"https:\/\/centers.ulbsibiu.ro\/ccsprise\/lact\/wp-json\/wp\/v2\/posts\/6253\/revisions\/6254"}],"wp:attachment":[{"href":"https:\/\/centers.ulbsibiu.ro\/ccsprise\/lact\/wp-json\/wp\/v2\/media?parent=6253"}],"wp:term":[{"taxonomy":"category","embeddable":true,"href":"https:\/\/centers.ulbsibiu.ro\/ccsprise\/lact\/wp-json\/wp\/v2\/categories?post=6253"},{"taxonomy":"post_tag","embeddable":true,"href":"https:\/\/centers.ulbsibiu.ro\/ccsprise\/lact\/wp-json\/wp\/v2\/tags?post=6253"}],"curies":[{"name":"wp","href":"https:\/\/api.w.org\/{rel}","templated":true}]}}