{"id":6244,"date":"2019-04-21T18:54:44","date_gmt":"2019-04-21T16:54:44","guid":{"rendered":"https:\/\/centers.ulbsibiu.ro\/ccsprise\/lact\/?p=6244"},"modified":"2019-04-21T18:54:44","modified_gmt":"2019-04-21T16:54:44","slug":"noi-md-peste-100-de-automobile-inmatriculate-in-stinga-nistrului-duse-la-parcarea-speciala","status":"publish","type":"post","link":"https:\/\/centers.ulbsibiu.ro\/ccsprise\/lact\/noi-md-peste-100-de-automobile-inmatriculate-in-stinga-nistrului-duse-la-parcarea-speciala\/","title":{"rendered":"Noi.md &#8211; Peste 100 de automobile \u00eenmatriculate \u00een st\u00eenga Nistrului, duse la parcarea special\u0103"},"content":{"rendered":"<p>Peste o sut\u0103 de automobile cu numere de \u00eenmatriculare \u00een st\u00eenga Nistrului au fost scoase din trafic \u0219i transportate la parcarea special\u0103, \u00eencep\u00eend cu data de 1 iunie 2017, c\u00eend au intrat \u00een vigoare prevederile legale ce interzic circula\u021bia pe drumurile publice a acestor autovehicule \u00een cazul conduc\u0103torilor care de\u021bin permis de conducere al Republicii Moldova \u0219i domiciliaz\u0103 \u00een dreapta Nistrului.<\/p>\n<p>\u0218eful Inspectoratului Na\u021bional de Patrulare, Marin Maxian, a declarat pentru IPN c\u0103, de la intrarea \u00een vigoare a prevederilor \u0219i p\u00een\u0103 \u00een a doua jum\u0103tate a lunii martie 2019, au fost opri\u021bi peste o sut\u0103 de conduc\u0103tori auto care circulau cu ma\u0219ini \u00eenmatriculate \u00een regiunea transnistrean\u0103, de\u021bin\u00eend permis eliberat de autorit\u0103\u021bile constitu\u021bionale.<\/p>\n<p>\u00cencep\u00eend cu 1 aprilie 2017, este interzis\u0103 circula\u021bia pe drumurile publice a autovehiculelor cu numere de \u00eenmatriculare \u00een st\u00eenga Nistrului \u00een cazul conduc\u0103torilor care de\u021bin permis de conducere al Republicii Moldova \u0219i domiciliaz\u0103 \u00een dreapta Nistrului.<\/p>\n<p>\u00cen cazul neconform\u0103rii cerin\u021belor legale stipulate, unitatea de transport este indisponibilizat\u0103 pe teritoriul sta\u021biei de parcare special\u0103 sau celei mai apropiate subdiviziuni de poli\u021bie. Prin derogare, circula\u021bia respectivelor autovehicule se permite doar \u00een cazul \u00een care acestea s\u00eent \u00een proprietatea agen\u021bilor economici din unit\u0103\u021bile administrativ-teritoriale din st\u00eenga Nistrului \u0219i municipiul Bender \u0219i dac\u0103 conduc\u0103torii de autovehicule s\u00eent angaja\u021bi ai acestora.<\/p>\n<p>Potrivit Codului Contraven\u021bional, vehiculul parcat se restituie proprietarului, posesorului sau reprezentantului lor legal imediat dup\u0103 \u00eenl\u0103turarea temeiurilor pentru aducerea la parcare. Cheltuielile de aducere \u0219i de sta\u021bionare a vehiculului la parcare s\u00eent suportate de contravenient.<\/p>\n<p>P\u00een\u0103 la intrarea \u00een vigoare, timp de aproximativ jum\u0103tate de an proprietarii automobililor \u00eenmatriculate \u00een st\u00eenga Nistrului, indiferent de termenul de exploatare, le-au putut plasa sub regimul vamal de import cu achitarea accizei \u00een m\u0103rime de 30% din cota stabilit\u0103 pentru anul 2016.<\/p>\n<p>Cite\u0219te mai mult: <a href=\"https:\/\/noi.md\/md\/transnistria\/peste-o-suta-de-automobile-inmatriculate-in-stinga-nistrului-duse-la-parcarea-speciala?fbclid=IwAR3wu9L8-Ww439hdocMnv7Uxb9k5oN_cMRLG3mX-qN5u_2D8Y_bPa2vorek\">https:\/\/noi.md\/md\/transnistria\/peste-o-suta-de-automobile-inmatriculate-in-stinga-nistrului-duse-la-parcarea-speciala?fbclid=IwAR3wu9L8-Ww439hdocMnv7Uxb9k5oN_cMRLG3mX-qN5u_2D8Y_bPa2vorek<\/a><br \/>\nFacebook: <a href=\"https:\/\/www.facebook.com\/NOI.md\/\">NOI.md<\/a> | Odnoklassniki: <a href=\"https:\/\/www.ok.ru\/noi.moldova\">Noi.Moldova<\/a><\/p>\n","protected":false},"excerpt":{"rendered":"<p>Peste o sut\u0103 de automobile cu numere de \u00eenmatriculare \u00een st\u00eenga Nistrului au fost scoase din trafic \u0219i transportate la parcarea special\u0103, \u00eencep\u00eend cu data de 1 iunie 2017, c\u00eend au intrat \u00een vigoare prevederile legale ce interzic circula\u021bia pe drumurile publice a acestor autovehicule \u00een cazul conduc\u0103torilor care de\u021bin permis de conducere al Republicii&#8230;<\/p>\n","protected":false},"author":2,"featured_media":0,"comment_status":"closed","ping_status":"open","sticky":false,"template":"","format":"standard","meta":[],"categories":[1],"tags":[],"_links":{"self":[{"href":"https:\/\/centers.ulbsibiu.ro\/ccsprise\/lact\/wp-json\/wp\/v2\/posts\/6244"}],"collection":[{"href":"https:\/\/centers.ulbsibiu.ro\/ccsprise\/lact\/wp-json\/wp\/v2\/posts"}],"about":[{"href":"https:\/\/centers.ulbsibiu.ro\/ccsprise\/lact\/wp-json\/wp\/v2\/types\/post"}],"author":[{"embeddable":true,"href":"https:\/\/centers.ulbsibiu.ro\/ccsprise\/lact\/wp-json\/wp\/v2\/users\/2"}],"replies":[{"embeddable":true,"href":"https:\/\/centers.ulbsibiu.ro\/ccsprise\/lact\/wp-json\/wp\/v2\/comments?post=6244"}],"version-history":[{"count":1,"href":"https:\/\/centers.ulbsibiu.ro\/ccsprise\/lact\/wp-json\/wp\/v2\/posts\/6244\/revisions"}],"predecessor-version":[{"id":6245,"href":"https:\/\/centers.ulbsibiu.ro\/ccsprise\/lact\/wp-json\/wp\/v2\/posts\/6244\/revisions\/6245"}],"wp:attachment":[{"href":"https:\/\/centers.ulbsibiu.ro\/ccsprise\/lact\/wp-json\/wp\/v2\/media?parent=6244"}],"wp:term":[{"taxonomy":"category","embeddable":true,"href":"https:\/\/centers.ulbsibiu.ro\/ccsprise\/lact\/wp-json\/wp\/v2\/categories?post=6244"},{"taxonomy":"post_tag","embeddable":true,"href":"https:\/\/centers.ulbsibiu.ro\/ccsprise\/lact\/wp-json\/wp\/v2\/tags?post=6244"}],"curies":[{"name":"wp","href":"https:\/\/api.w.org\/{rel}","templated":true}]}}