{"id":6242,"date":"2019-04-19T19:04:11","date_gmt":"2019-04-19T17:04:11","guid":{"rendered":"https:\/\/centers.ulbsibiu.ro\/ccsprise\/lact\/?p=6242"},"modified":"2019-04-19T19:04:11","modified_gmt":"2019-04-19T17:04:11","slug":"infotag-md-seful-transnistriei-si-reprezentantul-ue-s-au-pronuntat-pentru-mentinerea-dinamicii-negocierilor-intre-chisinau-si-tiraspol","status":"publish","type":"post","link":"https:\/\/centers.ulbsibiu.ro\/ccsprise\/lact\/infotag-md-seful-transnistriei-si-reprezentantul-ue-s-au-pronuntat-pentru-mentinerea-dinamicii-negocierilor-intre-chisinau-si-tiraspol\/","title":{"rendered":"Infotag.md &#8211; \u015eEFUL TRANSNISTRIEI \u015eI REPREZENTANTUL UE S-AU PRONUN\u0162AT PENTRU MEN\u0162INEREA DINAMICII NEGOCIERILOR \u00ceNTRE CHI\u015eIN\u0102U \u015eI TIRASPOL"},"content":{"rendered":"<p>Caracterul constructiv \u0219i dinamica \u00eenalt\u0103 a dialogului din ultimul an \u0219i jum\u0103tate \u00eentre Moldova \u0219i Transnistria \u201etrebuie s\u0103 fie men\u0163inut, iar stagnarea \u00een activitatea formatului interna\u021bional de negocieri \u201e5+2\u201d poate avea consecin\u021be negative\u201d. Aceast\u0103 opinie a fost exprimat\u0103 joi, la Tiraspol, \u00een cadrul unei \u00eent\u00e2lniri a pre\u0219edintelui autoproclamatei RMN, Vadim Krasnoselski, cu \u0219eful Delega\u021biei UE \u00een Republica Moldova, Peter Michalko.<\/p>\n<p>Potrivit agen\u0163iei INFOTAG cu referire la site-ul liderului de la Tiraspol, Krasnoselski s-a pronun\u0163at pentru \u201edesf\u0103\u0219urarea c\u00e2t mai cur\u00e2nd posibil a urm\u0103toarei \u015fedin\u0163e a \u201eReuniunii permanente&#8230;\u201d cu scopul de a discuta \u00een comun aspecte legate de telecomunica\u021bii, sectorul bancar \u0219i comunica\u0163iile feroviare.<br \/>\nReferindu-se la dezvoltarea rela\u021biilor comerciale cu UE, el a spus c\u0103 Uniunea European\u0103 este \u201eun partener economic important al republicii\u201d, men\u021bion\u00e2nd c\u0103 \u201eexporturile \u00een aceast\u0103 direc\u021bie sunt la un nivel semnificativ\u201d.<br \/>\nDe asemenea, au fost discutate probleme legate de implementarea \u00een Transnistria a proiectelor umanitare sub egida UE. Krasnoselski \u201ea men\u0163ionat importan\u021ba studierii detaliate \u015fi a discut\u0103rii unor parametri concre\u0163i ai ini\u021biativelor propuse\u201d, iar oaspetele a dat asigur\u0103ri c\u0103 Uniunea European\u0103 \u201einten\u021bioneaz\u0103 \u00een continuare s\u0103 implementeze proiecte care vizeaz\u0103 \u00eembun\u0103t\u0103\u021birea vie\u021bii oamenilor\u201d.<\/p>\n<p>Sursa:\u00a0<a href=\"http:\/\/www.infotag.md\/rebelion-ro\/275108\/\">http:\/\/www.infotag.md\/<\/a><\/p>\n","protected":false},"excerpt":{"rendered":"<p>Caracterul constructiv \u0219i dinamica \u00eenalt\u0103 a dialogului din ultimul an \u0219i jum\u0103tate \u00eentre Moldova \u0219i Transnistria \u201etrebuie s\u0103 fie men\u0163inut, iar stagnarea \u00een activitatea formatului interna\u021bional de negocieri \u201e5+2\u201d poate avea consecin\u021be negative\u201d. Aceast\u0103 opinie a fost exprimat\u0103 joi, la Tiraspol, \u00een cadrul unei \u00eent\u00e2lniri a pre\u0219edintelui autoproclamatei RMN, Vadim Krasnoselski, cu \u0219eful Delega\u021biei UE&#8230;<\/p>\n","protected":false},"author":2,"featured_media":0,"comment_status":"closed","ping_status":"open","sticky":false,"template":"","format":"standard","meta":[],"categories":[1],"tags":[],"_links":{"self":[{"href":"https:\/\/centers.ulbsibiu.ro\/ccsprise\/lact\/wp-json\/wp\/v2\/posts\/6242"}],"collection":[{"href":"https:\/\/centers.ulbsibiu.ro\/ccsprise\/lact\/wp-json\/wp\/v2\/posts"}],"about":[{"href":"https:\/\/centers.ulbsibiu.ro\/ccsprise\/lact\/wp-json\/wp\/v2\/types\/post"}],"author":[{"embeddable":true,"href":"https:\/\/centers.ulbsibiu.ro\/ccsprise\/lact\/wp-json\/wp\/v2\/users\/2"}],"replies":[{"embeddable":true,"href":"https:\/\/centers.ulbsibiu.ro\/ccsprise\/lact\/wp-json\/wp\/v2\/comments?post=6242"}],"version-history":[{"count":1,"href":"https:\/\/centers.ulbsibiu.ro\/ccsprise\/lact\/wp-json\/wp\/v2\/posts\/6242\/revisions"}],"predecessor-version":[{"id":6243,"href":"https:\/\/centers.ulbsibiu.ro\/ccsprise\/lact\/wp-json\/wp\/v2\/posts\/6242\/revisions\/6243"}],"wp:attachment":[{"href":"https:\/\/centers.ulbsibiu.ro\/ccsprise\/lact\/wp-json\/wp\/v2\/media?parent=6242"}],"wp:term":[{"taxonomy":"category","embeddable":true,"href":"https:\/\/centers.ulbsibiu.ro\/ccsprise\/lact\/wp-json\/wp\/v2\/categories?post=6242"},{"taxonomy":"post_tag","embeddable":true,"href":"https:\/\/centers.ulbsibiu.ro\/ccsprise\/lact\/wp-json\/wp\/v2\/tags?post=6242"}],"curies":[{"name":"wp","href":"https:\/\/api.w.org\/{rel}","templated":true}]}}