{"id":6240,"date":"2019-04-19T19:01:12","date_gmt":"2019-04-19T17:01:12","guid":{"rendered":"https:\/\/centers.ulbsibiu.ro\/ccsprise\/lact\/?p=6240"},"modified":"2019-04-19T19:01:12","modified_gmt":"2019-04-19T17:01:12","slug":"gov-md-componentele-comisiei-unificate-de-control-si-au-expus-pozitiile-privind-incalcarea-liberei-circulatii-in-zona-de-securitate","status":"publish","type":"post","link":"https:\/\/centers.ulbsibiu.ro\/ccsprise\/lact\/gov-md-componentele-comisiei-unificate-de-control-si-au-expus-pozitiile-privind-incalcarea-liberei-circulatii-in-zona-de-securitate\/","title":{"rendered":"Gov.md &#8211; Componentele Comisiei Unificate de Control \u0219i-au expus pozi\u021biile privind \u00eenc\u0103lcarea liberei circula\u021bii \u00een Zona de Securitate"},"content":{"rendered":"<p>Ini\u021biativele constructive ale delega\u021biei Republicii Moldova pentru a elabora, \u00een conformitate cu protocoalele semnate anterior o instruc\u021biune de activitate a Comandamentului Militar \u00centrunit au fost respinse la \u0219edin\u021ba Comisiei Unificate de Control din 18 aprilie curent, condus\u0103 de aceast\u0103 dat\u0103 de c\u0103tre delega\u021bia Federa\u021biei Ruse, care le-a calificat ca fiind \u201edeja \u00eenvechite\u201d \u0219i \u021bin\u00e2nd de domeniul \u201earhivei\u201d.<\/p>\n<p>O analiz\u0103 retrospectiv\u0103 denot\u0103 c\u0103 nici o ini\u021biativ\u0103 a delega\u021biei noastre lansat\u0103 pe durata anului curent \u0219i orientat\u0103 spre \u00eembun\u0103t\u0103\u021birea mecanismului de monitorizare a Zonei de Securitate (precum demararea procesului de demilitarizare, sporirea transparen\u021bei, elaborarea regulamentului Comandamentului Militar \u00centrunit, crearea unei instruc\u021biuni cu privire la patrularea mobil\u0103, utilizarea dispozitivelor tehnice la documentarea efectuat\u0103 de c\u0103tre observatorii militari etc.) nu este acceptat\u0103 de c\u0103tre interlocutori.<\/p>\n<p>Remarc\u0103m cu regret pozi\u021bia contrar\u0103 acordurilor de baz\u0103 exprimat\u0103 de c\u0103tre delega\u021bia transnistrean\u0103 \u0219i sus\u021binut\u0103 de delega\u021bia Federa\u021biei Ruse fa\u021b\u0103 de problema cre\u0219terii considerabile a cazurilor de amplasare a patrulelor mobile de \u201egr\u0103niceri\u201d transnistreni \u00een Zona de Securitate (sub pretextul desf\u0103\u0219ur\u0103rii unor activit\u0103\u021bi specifice organelor de drept). De\u0219i, delega\u021bia Republicii Moldova fixeaz\u0103 \u0219i semnaleaz\u0103 permanent asemenea abuzuri care au finalitatea instituirii unei ,,frontiere\u201d la r\u00e2ul Nistru, la \u0219edin\u021ba curent\u0103 reprezentan\u021bii celor dou\u0103 delega\u021bii \u0219i-au manifestat indulgen\u021ba fa\u021b\u0103 de multitudinea \u00eenc\u0103lc\u0103rilor admise de reprezentan\u021bii Tiraspolului. Ei au apreciat c\u0103 instalarea posturilor de \u201egr\u0103niceri\u201d nu ar prezenta un pericol, acestea urm\u00e2nd s\u0103 fie verificate doar sub aspectul de\u021binerii armelor.<\/p>\n<p>Delega\u021bia noastr\u0103 a f\u0103cut un apel repetat \u00een vederea excluderii unor asemenea cazuri care \u00eempiedic\u0103 dreptul la libera circula\u021bie \u0219i cresc tensiunile \u00eentre p\u0103r\u021bi.<\/p>\n<p>Totodat\u0103, pe durata \u0219edin\u021bei, \u00een mod planificat au fost audiate informa\u021biile sistematizate privind situa\u021bia criminogen\u0103 pentru anul 2018, prezentate de c\u0103tre conduc\u0103torii subdiviziunilor teritoriale de poli\u021bie \u0219i mili\u021bie din mun. Bender. De asemenea, a fost ascultat\u0103 pozi\u021bia comandantului militar al mun. Bender, cu prec\u0103dere pe aspectul interac\u021biunii acestuia cu structurile locale de drept.<\/p>\n<p>De asemenea, membrii Comisiei Unificate de Control au aprobat raportul Comandamentului Militar \u00centrunit al For\u021belor Mixte de Pacificare pentru perioada 10 &#8211; 16 aprilie 2019.<\/p>\n<p>&nbsp;<\/p>\n<p><strong>Delega\u021bia Republicii Moldova \u00een Comisia Unificat\u0103 de Control<\/strong><\/p>\n<p>&nbsp;<\/p>\n<p>Sursa:\u00a0<a href=\"https:\/\/gov.md\/ro\/content\/componentele-comisiei-unificate-de-control-si-au-expus-pozitiile-privind-incalcarea-liberei\">https:\/\/gov.md\/<\/a><\/p>\n","protected":false},"excerpt":{"rendered":"<p>Ini\u021biativele constructive ale delega\u021biei Republicii Moldova pentru a elabora, \u00een conformitate cu protocoalele semnate anterior o instruc\u021biune de activitate a Comandamentului Militar \u00centrunit au fost respinse la \u0219edin\u021ba Comisiei Unificate de Control din 18 aprilie curent, condus\u0103 de aceast\u0103 dat\u0103 de c\u0103tre delega\u021bia Federa\u021biei Ruse, care le-a calificat ca fiind \u201edeja \u00eenvechite\u201d \u0219i \u021bin\u00e2nd de&#8230;<\/p>\n","protected":false},"author":2,"featured_media":0,"comment_status":"closed","ping_status":"open","sticky":false,"template":"","format":"standard","meta":[],"categories":[1],"tags":[],"_links":{"self":[{"href":"https:\/\/centers.ulbsibiu.ro\/ccsprise\/lact\/wp-json\/wp\/v2\/posts\/6240"}],"collection":[{"href":"https:\/\/centers.ulbsibiu.ro\/ccsprise\/lact\/wp-json\/wp\/v2\/posts"}],"about":[{"href":"https:\/\/centers.ulbsibiu.ro\/ccsprise\/lact\/wp-json\/wp\/v2\/types\/post"}],"author":[{"embeddable":true,"href":"https:\/\/centers.ulbsibiu.ro\/ccsprise\/lact\/wp-json\/wp\/v2\/users\/2"}],"replies":[{"embeddable":true,"href":"https:\/\/centers.ulbsibiu.ro\/ccsprise\/lact\/wp-json\/wp\/v2\/comments?post=6240"}],"version-history":[{"count":1,"href":"https:\/\/centers.ulbsibiu.ro\/ccsprise\/lact\/wp-json\/wp\/v2\/posts\/6240\/revisions"}],"predecessor-version":[{"id":6241,"href":"https:\/\/centers.ulbsibiu.ro\/ccsprise\/lact\/wp-json\/wp\/v2\/posts\/6240\/revisions\/6241"}],"wp:attachment":[{"href":"https:\/\/centers.ulbsibiu.ro\/ccsprise\/lact\/wp-json\/wp\/v2\/media?parent=6240"}],"wp:term":[{"taxonomy":"category","embeddable":true,"href":"https:\/\/centers.ulbsibiu.ro\/ccsprise\/lact\/wp-json\/wp\/v2\/categories?post=6240"},{"taxonomy":"post_tag","embeddable":true,"href":"https:\/\/centers.ulbsibiu.ro\/ccsprise\/lact\/wp-json\/wp\/v2\/tags?post=6240"}],"curies":[{"name":"wp","href":"https:\/\/api.w.org\/{rel}","templated":true}]}}