{"id":6223,"date":"2019-04-16T18:05:46","date_gmt":"2019-04-16T16:05:46","guid":{"rendered":"https:\/\/centers.ulbsibiu.ro\/ccsprise\/lact\/?p=6223"},"modified":"2019-04-16T18:05:46","modified_gmt":"2019-04-16T16:05:46","slug":"noi-md-osce-asteapta-formarea-unui-guvern-stabil-la-chisinau","status":"publish","type":"post","link":"https:\/\/centers.ulbsibiu.ro\/ccsprise\/lact\/noi-md-osce-asteapta-formarea-unui-guvern-stabil-la-chisinau\/","title":{"rendered":"Noi.md &#8211; OSCE a\u0219teapt\u0103 formarea unui guvern stabil la Chi\u0219in\u0103u"},"content":{"rendered":"<p>Pre\u0219edintele \u00een exerci\u021biu al OSCE, Miroslav Laj\u010d\u00e1k, ministru slovac al afacerilor externe \u0219i europene, spune c\u0103 este nevoie de un dialog constructiv \u0219i pa\u0219i mici concre\u021bi \u00een consolidarea \u00eencrederii pentru a men\u021bine dinamica pozitiv\u0103 \u00een procesul de reglementare transnistrean\u0103.<\/p>\n<p>\u201eDatorit\u0103 angajamentului, conducerii \u0219i voin\u021bei politice a ambelor p\u0103r\u021bi, acestea au implementat anul trecut cinci acorduri care aduc beneficii concrete oamenilor, precum acordul privind pl\u0103cu\u021bele de \u00eenmatriculare neutre sau \u0219colile cu predare \u00een grafia latin\u0103. Acest lucru a dat un nou impuls procesului de reglementare transnistrean\u0103. Pentru a men\u021bine aceast\u0103 dinamic\u0103, acum, Chi\u0219in\u0103ul \u0219i Tiraspolul trebuie s\u0103 intensifice dialogul, s\u0103 depun\u0103 eforturi \u00een vederea finaliz\u0103rii \u201epachetului Berlin plus\u201d \u0219i s\u0103 identifice noi domenii de lucru \u00een comun\u201d, a declarat Miroslav Laj\u010d\u00e1k.<\/p>\n<p>Referindu-se la procesul politic \u00een curs de desf\u0103\u0219urare la Chi\u0219in\u0103u, \u00een urma alegerilor parlamentare din 24 februarie, Miroslav Laj\u010d\u00e1k a spus c\u0103 Pre\u0219edin\u021bia OSCE a\u0219teapt\u0103 cu ner\u0103bdare formarea rapid\u0103 la Chi\u0219in\u0103u a unui guvern stabil, preg\u0103tit \u00een continuare s\u0103 se implice constructiv \u00een procesul de reglementare transnistrean\u0103 la toate nivelurile.<\/p>\n<p>\u00cen cadrul vizitei la Chi\u0219in\u0103u \u0219i Tiraspol \u00een ianuarie, ministrul a subliniat c\u0103 Pre\u0219edin\u021bia Slovaciei \u00een OSCE acord\u0103 o importan\u021b\u0103 deosebit\u0103 avans\u0103rii procesului de reglementare transnistrean\u0103 bazat pe integritatea teritorial\u0103 \u0219i suveranitatea Republicii Moldova, cu un statut special pentru Transnistria.<\/p>\n<p>Cite\u0219te mai mult: <a href=\"https:\/\/noi.md\/md\/politica\/osce-asteapta-formarea-unui-guvern-stabil-la-chisinau\">https:\/\/noi.md\/md\/politica\/osce-asteapta-formarea-unui-guvern-stabil-la-chisinau<\/a><br \/>\nFacebook: <a href=\"https:\/\/www.facebook.com\/NOI.md\/\">NOI.md<\/a> | Odnoklassniki: <a href=\"https:\/\/www.ok.ru\/noi.moldova\">Noi.Moldova<\/a><\/p>\n","protected":false},"excerpt":{"rendered":"<p>Pre\u0219edintele \u00een exerci\u021biu al OSCE, Miroslav Laj\u010d\u00e1k, ministru slovac al afacerilor externe \u0219i europene, spune c\u0103 este nevoie de un dialog constructiv \u0219i pa\u0219i mici concre\u021bi \u00een consolidarea \u00eencrederii pentru a men\u021bine dinamica pozitiv\u0103 \u00een procesul de reglementare transnistrean\u0103. \u201eDatorit\u0103 angajamentului, conducerii \u0219i voin\u021bei politice a ambelor p\u0103r\u021bi, acestea au implementat anul trecut cinci acorduri&#8230;<\/p>\n","protected":false},"author":2,"featured_media":0,"comment_status":"closed","ping_status":"open","sticky":false,"template":"","format":"standard","meta":[],"categories":[1],"tags":[],"_links":{"self":[{"href":"https:\/\/centers.ulbsibiu.ro\/ccsprise\/lact\/wp-json\/wp\/v2\/posts\/6223"}],"collection":[{"href":"https:\/\/centers.ulbsibiu.ro\/ccsprise\/lact\/wp-json\/wp\/v2\/posts"}],"about":[{"href":"https:\/\/centers.ulbsibiu.ro\/ccsprise\/lact\/wp-json\/wp\/v2\/types\/post"}],"author":[{"embeddable":true,"href":"https:\/\/centers.ulbsibiu.ro\/ccsprise\/lact\/wp-json\/wp\/v2\/users\/2"}],"replies":[{"embeddable":true,"href":"https:\/\/centers.ulbsibiu.ro\/ccsprise\/lact\/wp-json\/wp\/v2\/comments?post=6223"}],"version-history":[{"count":1,"href":"https:\/\/centers.ulbsibiu.ro\/ccsprise\/lact\/wp-json\/wp\/v2\/posts\/6223\/revisions"}],"predecessor-version":[{"id":6224,"href":"https:\/\/centers.ulbsibiu.ro\/ccsprise\/lact\/wp-json\/wp\/v2\/posts\/6223\/revisions\/6224"}],"wp:attachment":[{"href":"https:\/\/centers.ulbsibiu.ro\/ccsprise\/lact\/wp-json\/wp\/v2\/media?parent=6223"}],"wp:term":[{"taxonomy":"category","embeddable":true,"href":"https:\/\/centers.ulbsibiu.ro\/ccsprise\/lact\/wp-json\/wp\/v2\/categories?post=6223"},{"taxonomy":"post_tag","embeddable":true,"href":"https:\/\/centers.ulbsibiu.ro\/ccsprise\/lact\/wp-json\/wp\/v2\/tags?post=6223"}],"curies":[{"name":"wp","href":"https:\/\/api.w.org\/{rel}","templated":true}]}}