{"id":6221,"date":"2019-04-16T17:59:21","date_gmt":"2019-04-16T15:59:21","guid":{"rendered":"https:\/\/centers.ulbsibiu.ro\/ccsprise\/lact\/?p=6221"},"modified":"2019-04-16T17:59:21","modified_gmt":"2019-04-16T15:59:21","slug":"infotag-md-guvernul-transnistriei-a-convenit-ca-coopereze-cu-colegii-de-la-moscova","status":"publish","type":"post","link":"https:\/\/centers.ulbsibiu.ro\/ccsprise\/lact\/infotag-md-guvernul-transnistriei-a-convenit-ca-coopereze-cu-colegii-de-la-moscova\/","title":{"rendered":"Infotag.md &#8211; GUVERNUL TRANSNISTRIEI A CONVENIT C\u0102 COOPEREZE CU COLEGII DE LA MOSCOVA"},"content":{"rendered":"<p>Principalele domenii de cooperare \u00eentre guvernul Transnistriei \u0219i cel al Moscovei vor fi \u201eechipamentele medicale, domeniul locativ \u0219i transportul electric\u201d. Aceast\u0103 \u00een\u0163elegere a fost atins\u0103 \u00een ajun la \u00eentrevederea unei delega\u021bii transnistrene pe platforma Departamentului rela\u021bii economice externe \u0219i rela\u021bii interna\u021bionale al guvernului Moscovei cu \u0219eful institu\u0163iei, Serghei Ceriomin.<br \/>\nPotrivit agen\u0163iei INFOTAG cu referire la site-ul cabinetului de mini\u015ftri al autoproclamatei RMN, delega\u0163ia transnistrean\u0103 a fost reprezentat\u0103 de \u015feful guvernului, Alexandr Mart\u00eenov, adjunc\u021bii acestuia &#8211; ministrul dezvolt\u0103rii economice, Serghei Obolonik, \u0219i ministrul s\u0103n\u0103t\u0103\u021bii, Alexei \u021aurcan, precum \u0219i pre\u0219edintele Sovietului Suprem, Alexandr Kor\u015funov, \u015fi pre\u015fedintele comitetului pentru economie \u0219i buget, Oleg Vasilatii.<br \/>\nCeriomin a spus c\u0103 principalele direc\u021bii de dezvoltare a capitalei Rusiei sunt tehnologiile informa\u021bionale, sectorul locuin\u021belor \u0219i utilit\u0103\u021bilor publice. El \u0219i-a exprimat disponibilitatea de a \u00eemp\u0103rt\u0103\u0219i experien\u021ba \u0219i a lansat invita\u0163ia la o cooperare activ\u0103.<br \/>\nMart\u00eenov, la r\u00e2ndul s\u0103u, a vorbit despre \u201eStrategia de dezvoltare a RMN, adoptat\u0103 recent, menit\u0103 s\u0103 dezvolte economia, s\u0103 consolideze statalitatea \u0219i s\u0103 creasc\u0103 nivelul de trai\u201d \u0219i a subliniat c\u0103 \u201etoate acestea se \u00eent\u00e2mpl\u0103 cu sprijinul substan\u021bial al guvernului Rusiei\u201d.<br \/>\nPotrivit LUI, principalele domenii \u00een care se vor desf\u0103\u0219ura lucr\u0103ri \u00een acest an sunt sectorul de locuin\u021be \u0219i dezvoltarea transportului electric.<br \/>\n\u201eGuvernul nu st\u0103 degeaba. \u00cen buget au fost rezervate \u00een premier\u0103 sume pentru a rezolva aceast\u0103 problem\u0103. Pentru Transnistria, ele sunt destul de importante. Un alt domeniu este medicina, \u00een care guvernul va lua on decizie pe termen mediu. Ast\u0103zi, \u00een acest domeniu se atest\u0103 un deficit de echipamente, inclusiv de \u00eenalt\u0103 tehnologie\u201d, a recunoscut Mart\u00eenov.<\/p>\n<p>Sursa:\u00a0<a href=\"http:\/\/www.infotag.md\/rebelion-ro\/274985\/\">http:\/\/www.infotag.md\/<\/a><\/p>\n","protected":false},"excerpt":{"rendered":"<p>Principalele domenii de cooperare \u00eentre guvernul Transnistriei \u0219i cel al Moscovei vor fi \u201eechipamentele medicale, domeniul locativ \u0219i transportul electric\u201d. Aceast\u0103 \u00een\u0163elegere a fost atins\u0103 \u00een ajun la \u00eentrevederea unei delega\u021bii transnistrene pe platforma Departamentului rela\u021bii economice externe \u0219i rela\u021bii interna\u021bionale al guvernului Moscovei cu \u0219eful institu\u0163iei, Serghei Ceriomin. Potrivit agen\u0163iei INFOTAG cu referire la&#8230;<\/p>\n","protected":false},"author":2,"featured_media":0,"comment_status":"closed","ping_status":"open","sticky":false,"template":"","format":"standard","meta":[],"categories":[1],"tags":[],"_links":{"self":[{"href":"https:\/\/centers.ulbsibiu.ro\/ccsprise\/lact\/wp-json\/wp\/v2\/posts\/6221"}],"collection":[{"href":"https:\/\/centers.ulbsibiu.ro\/ccsprise\/lact\/wp-json\/wp\/v2\/posts"}],"about":[{"href":"https:\/\/centers.ulbsibiu.ro\/ccsprise\/lact\/wp-json\/wp\/v2\/types\/post"}],"author":[{"embeddable":true,"href":"https:\/\/centers.ulbsibiu.ro\/ccsprise\/lact\/wp-json\/wp\/v2\/users\/2"}],"replies":[{"embeddable":true,"href":"https:\/\/centers.ulbsibiu.ro\/ccsprise\/lact\/wp-json\/wp\/v2\/comments?post=6221"}],"version-history":[{"count":1,"href":"https:\/\/centers.ulbsibiu.ro\/ccsprise\/lact\/wp-json\/wp\/v2\/posts\/6221\/revisions"}],"predecessor-version":[{"id":6222,"href":"https:\/\/centers.ulbsibiu.ro\/ccsprise\/lact\/wp-json\/wp\/v2\/posts\/6221\/revisions\/6222"}],"wp:attachment":[{"href":"https:\/\/centers.ulbsibiu.ro\/ccsprise\/lact\/wp-json\/wp\/v2\/media?parent=6221"}],"wp:term":[{"taxonomy":"category","embeddable":true,"href":"https:\/\/centers.ulbsibiu.ro\/ccsprise\/lact\/wp-json\/wp\/v2\/categories?post=6221"},{"taxonomy":"post_tag","embeddable":true,"href":"https:\/\/centers.ulbsibiu.ro\/ccsprise\/lact\/wp-json\/wp\/v2\/tags?post=6221"}],"curies":[{"name":"wp","href":"https:\/\/api.w.org\/{rel}","templated":true}]}}