{"id":6217,"date":"2019-04-15T17:43:10","date_gmt":"2019-04-15T15:43:10","guid":{"rendered":"https:\/\/centers.ulbsibiu.ro\/ccsprise\/lact\/?p=6217"},"modified":"2019-04-15T17:43:10","modified_gmt":"2019-04-15T15:43:10","slug":"infotag-md-reprezentantul-ucrainei-in-procesul-de-negocieri-considera-ca-rusia-impiedica-reglementarea-conflictului-in-transnistria","status":"publish","type":"post","link":"https:\/\/centers.ulbsibiu.ro\/ccsprise\/lact\/infotag-md-reprezentantul-ucrainei-in-procesul-de-negocieri-considera-ca-rusia-impiedica-reglementarea-conflictului-in-transnistria\/","title":{"rendered":"Infotag.md &#8211; REPREZENTANTUL UCRAINEI \u00ceN PROCESUL DE NEGOCIERI CONSIDER\u0102 C\u0102 \u201eRUSIA \u00ceMPIEDIC\u0102 REGLEMENTAREA CONFLICTULUI \u00ceN TRANSNISTRIA\u201d"},"content":{"rendered":"<p>Reprezentantul Ucrainei \u00een procesul de negocieri, Victor Kr\u00eejanovski, consider\u0103 c\u0103 \u201eRusia \u00eempiedic\u0103 reglementarea conflictului \u00een Transnistria\u201d. Potrivit agen\u021biei INFOTAG, despre aceasta el a declarat pentru presa ucrainean\u0103.<\/p>\n<p>\u201eFedera\u021bia Rus\u0103 nu este interesat\u0103 de solu\u021bionarea definitiv\u0103 a conflictului transnistrean \u0219i va lua toate m\u0103surile posibile pentru a tergiversa acest proces\u201d, a spus Kr\u00eejanovski.<br \/>\nPotrivit lui, \u201e\u00een ultimii ani, se creeaz\u0103 impresia unui progres, \u00eens\u0103 \u00een realitate nu exist\u0103 progrese \u00een solu\u021bionarea politic\u0103 a conflictului prelungit\u201d.<br \/>\n\u201ePentru Rusia, este important s\u0103 p\u0103streze \u00een aceast\u0103 regiune focarul pericolului \u0219i al tensiunii. Men\u0163in\u00e2nd acest focar, Rusia \u00eempiedic\u0103 dezvoltarea normal\u0103 a regiunii. Evident, partea rus\u0103 nu este interesat\u0103 ca cineva s\u0103 se dezvolte mai mult \u0219i mai repede dec\u00e2t Rusia, aceasta ar fi \u00een detrimentul ei\u201d, a spus Kr\u00eejanovski.<br \/>\nPotrivit lui, Ucraina face tot posibilul pentru a reglementa situa\u021bia, inclusiv prin crearea punctelor de control comun la frontiera de stat moldo-ucrainean\u0103, bloc\u00e2nd astfel circula\u021bia ilegal\u0103 a drogurilor \u0219i a armelor.<\/p>\n<p>Sursa:\u00a0<a href=\"http:\/\/www.infotag.md\/rebelion-ro\/274924\/\">http:\/\/www.infotag.md\/<\/a><\/p>\n","protected":false},"excerpt":{"rendered":"<p>Reprezentantul Ucrainei \u00een procesul de negocieri, Victor Kr\u00eejanovski, consider\u0103 c\u0103 \u201eRusia \u00eempiedic\u0103 reglementarea conflictului \u00een Transnistria\u201d. Potrivit agen\u021biei INFOTAG, despre aceasta el a declarat pentru presa ucrainean\u0103. \u201eFedera\u021bia Rus\u0103 nu este interesat\u0103 de solu\u021bionarea definitiv\u0103 a conflictului transnistrean \u0219i va lua toate m\u0103surile posibile pentru a tergiversa acest proces\u201d, a spus Kr\u00eejanovski. Potrivit lui, \u201e\u00een&#8230;<\/p>\n","protected":false},"author":2,"featured_media":0,"comment_status":"closed","ping_status":"open","sticky":false,"template":"","format":"standard","meta":[],"categories":[1],"tags":[],"_links":{"self":[{"href":"https:\/\/centers.ulbsibiu.ro\/ccsprise\/lact\/wp-json\/wp\/v2\/posts\/6217"}],"collection":[{"href":"https:\/\/centers.ulbsibiu.ro\/ccsprise\/lact\/wp-json\/wp\/v2\/posts"}],"about":[{"href":"https:\/\/centers.ulbsibiu.ro\/ccsprise\/lact\/wp-json\/wp\/v2\/types\/post"}],"author":[{"embeddable":true,"href":"https:\/\/centers.ulbsibiu.ro\/ccsprise\/lact\/wp-json\/wp\/v2\/users\/2"}],"replies":[{"embeddable":true,"href":"https:\/\/centers.ulbsibiu.ro\/ccsprise\/lact\/wp-json\/wp\/v2\/comments?post=6217"}],"version-history":[{"count":1,"href":"https:\/\/centers.ulbsibiu.ro\/ccsprise\/lact\/wp-json\/wp\/v2\/posts\/6217\/revisions"}],"predecessor-version":[{"id":6218,"href":"https:\/\/centers.ulbsibiu.ro\/ccsprise\/lact\/wp-json\/wp\/v2\/posts\/6217\/revisions\/6218"}],"wp:attachment":[{"href":"https:\/\/centers.ulbsibiu.ro\/ccsprise\/lact\/wp-json\/wp\/v2\/media?parent=6217"}],"wp:term":[{"taxonomy":"category","embeddable":true,"href":"https:\/\/centers.ulbsibiu.ro\/ccsprise\/lact\/wp-json\/wp\/v2\/categories?post=6217"},{"taxonomy":"post_tag","embeddable":true,"href":"https:\/\/centers.ulbsibiu.ro\/ccsprise\/lact\/wp-json\/wp\/v2\/tags?post=6217"}],"curies":[{"name":"wp","href":"https:\/\/api.w.org\/{rel}","templated":true}]}}