{"id":6215,"date":"2019-04-15T17:41:22","date_gmt":"2019-04-15T15:41:22","guid":{"rendered":"https:\/\/centers.ulbsibiu.ro\/ccsprise\/lact\/?p=6215"},"modified":"2019-04-15T17:41:22","modified_gmt":"2019-04-15T15:41:22","slug":"deschide-md-reportaj-video-varnita-satul-ravnit-de-separatistii-de-la-tiraspol","status":"publish","type":"post","link":"https:\/\/centers.ulbsibiu.ro\/ccsprise\/lact\/deschide-md-reportaj-video-varnita-satul-ravnit-de-separatistii-de-la-tiraspol\/","title":{"rendered":"Deschide.md &#8211; REPORTAJ (VIDEO) Varni\u021ba, satul r\u00e2vnit de separati\u0219tii de la Tiraspol"},"content":{"rendered":"<p>Author: Vadim Vasiliu<\/p>\n<p>Satul Varni\u021ba, raionul Anenii Noi, se afl\u0103 \u00een Zona de Securitate, \u00eentr-o coast\u0103 a Tighinei. Unul dintre cartierele municipiului, \u201eSevern\u00eei\u201d, e dislocat la intrarea \u00een localitate, dinspre satul Gura B\u00e2cului. Cu blocuri sovietice, dezolant de identice, seam\u0103n\u0103 cu un ghetou pustiu, postapocaliptic. \u00cenainte de conflictul de pe Nistru, Varni\u021ba f\u0103cea parte din cadrul marii a\u0219ez\u0103ri urbane. Acum e administrat\u0103 de autorit\u0103\u021bile constitu\u021bionale, \u00een timp ce Tighina e sub jurisdic\u021bia separati\u0219tilor.<\/p>\n<p>\u00cen ianuarie 2019, liderul lor, Vadim Krasnoselski a semnat un decret potrivit c\u0103ruia satul Varni\u021ba ar fi teritoriu aflat temporar sub administra\u021bia Chi\u0219in\u0103ului, iar administra\u021bia sa, de facto, s-ar afla \u00een satul Proteagailovca, o comunitate din componen\u021ba municipiului Tighina.<\/p>\n<p>Acest decret are, din p\u0103cate, consecin\u021be directe pentru locuitorii satului Varni\u021ba, care sunt nevoi\u021bi s\u0103 mearg\u0103 Proteagailovca pentru h\u00e2rtii ce atest\u0103 c\u0103 sunt mici agricultori \u0219i c\u0103, prin urmare, au dreptul s\u0103-\u0219i v\u00e2nd\u0103 marfa la pia\u021ba din Tighina sau Tiraspol.<\/p>\n<p>Rezisten\u021ba locuitorilor din Varni\u021ba<\/p>\n<p>Libera circula\u021bie a fost mereu o problem\u0103 \u00een regiune. Separati\u0219tii instaleaz\u0103 posturi mobile de \u201egr\u0103niceri\u201d pe drumul care separ\u0103 Varni\u021ba de Tighina. C\u00e2nd, pe 26 aprilie 2013, folosindu-se de criza politic\u0103 de la Chi\u0219in\u0103u (ap\u0103rut\u0103 urmare a c\u0103derii Guvernului Filat), separati\u0219tii au \u00eencercat instalarea a dou\u0103 posturi vamale la intrarea \u0219i ie\u0219irea din cartierul \u201eSevern\u00eei\u201c, locuitorii Varni\u021bei s-au opus \u0219i le-au evacuat. S-au opus de unii singuri, f\u0103r\u0103 s\u0103 a\u0219tepte ajutorul Chi\u0219in\u0103ului. Dac\u0103 s-ar fi reu\u0219it instalarea \u0219i men\u021binerea acelor posturi, evident, ilegale, localitatea s-ar fi pomenit \u00eencercuit\u0103 de posturi transnistrene. Iar s\u0103tenii ar fost nevoi\u021bi s\u0103 treac\u0103 numai posturi transnistrene ilegale pentru a ajunge la Varni\u021ba. Acest lucru ar fi \u00eensemnat izolarea Varni\u021bei, situa\u021bie mult jinduit\u0103 de separati\u0219ti.<\/p>\n<p>Transnistrenii vor acces direct la cartierul \u201eSevern\u00eei\u201c, dar \u0219i la rezervele subterane de ap\u0103 potabil\u0103, care se afl\u0103 la Varni\u021ba \u0219i din care se alimenteaz\u0103 ora\u0219ul Tighina.<\/p>\n<p>Apropo, 26 aprilie 2013 nu a fost prima dat\u0103 c\u00e2nd locuitorii Varni\u021bei au luptat pentru suveranitatea moldoveneasc\u0103 a\u00a0 satului. \u00cen 1992, 12 localnici \u0219i-au pierdut vie\u021bile, opun\u00e2ndu-se for\u021belor separatiste ruse care voiau s\u0103 intre \u00een Varni\u021ba.<\/p>\n<p>Textul complet:\u00a0<a href=\"https:\/\/deschide.md\/ro\/stiri\/social\/47210\/REPORTAJ-(VIDEO)-Varni\u021ba-satul-r\u00e2vnit-de-separati\u0219tii-de-la-Tiraspol.htm\">https:\/\/deschide.md\/<\/a><\/p>\n","protected":false},"excerpt":{"rendered":"<p>Author: Vadim Vasiliu Satul Varni\u021ba, raionul Anenii Noi, se afl\u0103 \u00een Zona de Securitate, \u00eentr-o coast\u0103 a Tighinei. Unul dintre cartierele municipiului, \u201eSevern\u00eei\u201d, e dislocat la intrarea \u00een localitate, dinspre satul Gura B\u00e2cului. Cu blocuri sovietice, dezolant de identice, seam\u0103n\u0103 cu un ghetou pustiu, postapocaliptic. \u00cenainte de conflictul de pe Nistru, Varni\u021ba f\u0103cea parte din&#8230;<\/p>\n","protected":false},"author":2,"featured_media":0,"comment_status":"closed","ping_status":"open","sticky":false,"template":"","format":"standard","meta":[],"categories":[1],"tags":[],"_links":{"self":[{"href":"https:\/\/centers.ulbsibiu.ro\/ccsprise\/lact\/wp-json\/wp\/v2\/posts\/6215"}],"collection":[{"href":"https:\/\/centers.ulbsibiu.ro\/ccsprise\/lact\/wp-json\/wp\/v2\/posts"}],"about":[{"href":"https:\/\/centers.ulbsibiu.ro\/ccsprise\/lact\/wp-json\/wp\/v2\/types\/post"}],"author":[{"embeddable":true,"href":"https:\/\/centers.ulbsibiu.ro\/ccsprise\/lact\/wp-json\/wp\/v2\/users\/2"}],"replies":[{"embeddable":true,"href":"https:\/\/centers.ulbsibiu.ro\/ccsprise\/lact\/wp-json\/wp\/v2\/comments?post=6215"}],"version-history":[{"count":1,"href":"https:\/\/centers.ulbsibiu.ro\/ccsprise\/lact\/wp-json\/wp\/v2\/posts\/6215\/revisions"}],"predecessor-version":[{"id":6216,"href":"https:\/\/centers.ulbsibiu.ro\/ccsprise\/lact\/wp-json\/wp\/v2\/posts\/6215\/revisions\/6216"}],"wp:attachment":[{"href":"https:\/\/centers.ulbsibiu.ro\/ccsprise\/lact\/wp-json\/wp\/v2\/media?parent=6215"}],"wp:term":[{"taxonomy":"category","embeddable":true,"href":"https:\/\/centers.ulbsibiu.ro\/ccsprise\/lact\/wp-json\/wp\/v2\/categories?post=6215"},{"taxonomy":"post_tag","embeddable":true,"href":"https:\/\/centers.ulbsibiu.ro\/ccsprise\/lact\/wp-json\/wp\/v2\/tags?post=6215"}],"curies":[{"name":"wp","href":"https:\/\/api.w.org\/{rel}","templated":true}]}}