{"id":6211,"date":"2019-04-15T17:30:06","date_gmt":"2019-04-15T15:30:06","guid":{"rendered":"https:\/\/centers.ulbsibiu.ro\/ccsprise\/lact\/?p=6211"},"modified":"2019-04-15T17:30:06","modified_gmt":"2019-04-15T15:30:06","slug":"infotag-md-avocat-moldovean-in-urma-batailor-sistematice-fostul-ministru-de-interne-al-transnistriei-a-ajuns-leguma","status":"publish","type":"post","link":"https:\/\/centers.ulbsibiu.ro\/ccsprise\/lact\/infotag-md-avocat-moldovean-in-urma-batailor-sistematice-fostul-ministru-de-interne-al-transnistriei-a-ajuns-leguma\/","title":{"rendered":"Infotag.md &#8211; AVOCAT MOLDOVEAN: \u00ceN URMA B\u0102T\u0102ILOR SISTEMATICE, FOSTUL MINISTRU DE INTERNE AL TRANSNISTRIEI \u201eA AJUNS LEGUM\u0102\u201d"},"content":{"rendered":"<p>Fostul ministru de interne al Transnistriei \u015fi fostul \u015fef al Comitetului vamal al regiunii, Ghenadii Kuzmiciov, aflat la \u00eenchisoarea din satul Glinoe, \u00een urma b\u0103t\u0103ilor sistematice \u201ea ajuns legum\u0103\u201d, sus\u0163ine avocatul s\u0103u moldovean, Veaceslav \u0162urcan.<\/p>\n<p>Potrivit agen\u0163iei INFOTAG, vineri, \u00een cadrul unei conferin\u0163e de pres\u0103 la Chi\u015fin\u0103u, el a amintit c\u0103 autorit\u0103\u0163ile regiunii \u00eel acuz\u0103 pe clientul s\u0103u de organizarea unei scheme de contraband\u0103 de amploare \u00een perioada conducerii liderului transnistrean Evghenii \u015eevciuk.<br \/>\n\u201eKuzmiciov a fost r\u0103pit de pe teritoriul Moldovei \u00een iulie 2018, cu ajutorul poli\u021biei rutiere din Moldova. Aducerea sa la Tiraspol nu ar fi fost posibil\u0103 f\u0103r\u0103 coordonare la nivel \u00eenalt al MAI al Moldovei. Aceasta \u00eenseamn\u0103 c\u0103 r\u0103pirea a fost o opera\u021biune planificat\u0103, iar toate discu\u021biile despre respectarea drepturilor omului \u00een Moldova sunt doar vorbe goale\u201d, a spus \u0162urcan.<br \/>\nPotrivit informa\u021biilor sale, Kuzmiciov este \u021binut singur \u00eentr-o celul\u0103, \u201eacest lucru fiind deja o tortur\u0103\u201d.<br \/>\n\u201eDin cauza refuzului fostului general de a coopera cu ancheta, el a fost vizitat \u00een repetate r\u00e2nduri de \u0219efi de la MAI al Transnistriei, \u00eenso\u0163i\u0163i de ni\u015fte tipi. Ace\u015ftia l-au b\u0103tut pe Kuzmiciov, sco\u0163\u00e2nd de la el m\u0103rturiile necesare anchetei. A \u00eenceput s\u0103 aib\u0103 probleme de memorie, cum se \u00eent\u00e2mpl\u0103 atunci c\u00e2nd omul este b\u0103tut peste cap. Exist\u0103 informa\u021bii c\u0103 a refuzat s\u0103 participe la procesul de judecat\u0103 care a \u00eenceput \u00een dosarul s\u0103u, crez\u00e2nd c\u0103 acesta este o parodie\u201d, a spus avocatul, care nu a fost l\u0103sat s\u0103 participe la audierile privind cazul Kuzmiciov.<br \/>\nEl consider\u0103 c\u0103 nu \u00eent\u00e2mpl\u0103tor dosarul este clasat drept secret.<br \/>\n\u201eAutorit\u0103\u021bile de la Tiraspol vor s\u0103 ascund\u0103 schemele care func\u021bioneaz\u0103 \u015fi acum. \u015etampila \u201esecret\u201d le permite s\u0103 limiteze la maximum \u015fi accesul tuturor celor care doresc s\u0103 fie prezen\u0163i \u00een sala de judecat\u0103, mai ales pentru pres\u0103. Totodat\u0103, \u00een cazul lui Kuzmiciov, judec\u0103torul vine direct la \u00eenchisoare, ceea ce aminte\u0219te de procesele de judecat\u0103 din aprilie 2009 la Chi\u0219in\u0103u, c\u00e2nd \u00een inspectoratul de poli\u021bie erau judeca\u0163i sute de tineri. \u00cen ambele cazuri, nu este vorba de justi\u021bie, ci de o mimare a ei\u201d, a spus \u0162urcan, care este nemul\u021bumit \u015fi de faptul c\u0103 medicilor ale\u015fi de clientul s\u0103u nu li se permite s\u0103 \u00eel consulte.<br \/>\nEl a spus c\u0103 a depus deja o pl\u00e2ngere la Curtea European\u0103 a Drepturilor Omului cu privire la \u00eenc\u0103lc\u0103rile grave \u00een dosarul lui Kuzmiciov \u0219i a\u015fteapt\u0103 s\u0103 fie \u00eenregistrat c\u00e2t mai cur\u00e2nd.<\/p>\n<p>Textul complet:\u00a0<a href=\"http:\/\/www.infotag.md\/rebelion-ro\/274909\/\">http:\/\/www.infotag.md\/<\/a><\/p>\n","protected":false},"excerpt":{"rendered":"<p>Fostul ministru de interne al Transnistriei \u015fi fostul \u015fef al Comitetului vamal al regiunii, Ghenadii Kuzmiciov, aflat la \u00eenchisoarea din satul Glinoe, \u00een urma b\u0103t\u0103ilor sistematice \u201ea ajuns legum\u0103\u201d, sus\u0163ine avocatul s\u0103u moldovean, Veaceslav \u0162urcan. Potrivit agen\u0163iei INFOTAG, vineri, \u00een cadrul unei conferin\u0163e de pres\u0103 la Chi\u015fin\u0103u, el a amintit c\u0103 autorit\u0103\u0163ile regiunii \u00eel acuz\u0103&#8230;<\/p>\n","protected":false},"author":2,"featured_media":0,"comment_status":"closed","ping_status":"open","sticky":false,"template":"","format":"standard","meta":[],"categories":[1],"tags":[],"_links":{"self":[{"href":"https:\/\/centers.ulbsibiu.ro\/ccsprise\/lact\/wp-json\/wp\/v2\/posts\/6211"}],"collection":[{"href":"https:\/\/centers.ulbsibiu.ro\/ccsprise\/lact\/wp-json\/wp\/v2\/posts"}],"about":[{"href":"https:\/\/centers.ulbsibiu.ro\/ccsprise\/lact\/wp-json\/wp\/v2\/types\/post"}],"author":[{"embeddable":true,"href":"https:\/\/centers.ulbsibiu.ro\/ccsprise\/lact\/wp-json\/wp\/v2\/users\/2"}],"replies":[{"embeddable":true,"href":"https:\/\/centers.ulbsibiu.ro\/ccsprise\/lact\/wp-json\/wp\/v2\/comments?post=6211"}],"version-history":[{"count":1,"href":"https:\/\/centers.ulbsibiu.ro\/ccsprise\/lact\/wp-json\/wp\/v2\/posts\/6211\/revisions"}],"predecessor-version":[{"id":6212,"href":"https:\/\/centers.ulbsibiu.ro\/ccsprise\/lact\/wp-json\/wp\/v2\/posts\/6211\/revisions\/6212"}],"wp:attachment":[{"href":"https:\/\/centers.ulbsibiu.ro\/ccsprise\/lact\/wp-json\/wp\/v2\/media?parent=6211"}],"wp:term":[{"taxonomy":"category","embeddable":true,"href":"https:\/\/centers.ulbsibiu.ro\/ccsprise\/lact\/wp-json\/wp\/v2\/categories?post=6211"},{"taxonomy":"post_tag","embeddable":true,"href":"https:\/\/centers.ulbsibiu.ro\/ccsprise\/lact\/wp-json\/wp\/v2\/tags?post=6211"}],"curies":[{"name":"wp","href":"https:\/\/api.w.org\/{rel}","templated":true}]}}