{"id":6200,"date":"2019-04-11T16:03:14","date_gmt":"2019-04-11T14:03:14","guid":{"rendered":"https:\/\/centers.ulbsibiu.ro\/ccsprise\/lact\/?p=6200"},"modified":"2019-04-11T16:03:14","modified_gmt":"2019-04-11T14:03:14","slug":"infotag-md-ministrul-de-externe-de-la-tiraspol-a-discutat-la-mae-al-rusiei-problema-reglementarii-transnistrene","status":"publish","type":"post","link":"https:\/\/centers.ulbsibiu.ro\/ccsprise\/lact\/infotag-md-ministrul-de-externe-de-la-tiraspol-a-discutat-la-mae-al-rusiei-problema-reglementarii-transnistrene\/","title":{"rendered":"Infotag.md &#8211; MINISTRUL DE EXTERNE DE LA TIRASPOL A DISCUTAT LA MAE AL RUSIEI PROBLEMA REGLEMENT\u0102RII TRANSNISTRENE"},"content":{"rendered":"<p>Ministrul de externe al autoproclamatei RMN, Vitalii Ignatiev, s-a \u00eent\u00e2lnit \u00een ajun, la Moscova, cu Ambasadorul cu misiuni speciale al Ministerului Afacerilor Externe al Federa\u021biei Ruse, Serghei Gubarev.<\/p>\n<p>\u00cen urma discu\u021biilor care au avut loc \u00een Transnistria \u00een timpul vizitei lui Gubarev la Tiraspol la \u00eenceputul lunii aprilie, p\u0103r\u021bile au continuat s\u0103 discute despre problemele actuale legate de situa\u021bia actual\u0103 \u00een procesul de negocieri dintre Transnistria \u0219i Moldova. Interlocutorii \u0219i-au reiterat pozi\u021bia comun\u0103 cu privire la necesitatea acceler\u0103rii intensific\u0103rii dialogului la toate nivelurile, inclusiv a \u015fedin\u0163elor grupurilor de exper\u021bi \u0219i a \u00eent\u00e2lnirilor reprezentan\u021bilor politici.<\/p>\n<p>P\u0103r\u021bile s-au mai pronun\u0163at pentru antrenarea la maxim a poten\u021bialului mecanismului interna\u021bional de negociere al \u201eReuniunii Permanente&#8230;\u201d, inclusiv \u00een contextul necesit\u0103\u021bii de a organiza c\u00e2t mai cur\u00e2nd posibil o nou\u0103 \u0219edin\u021b\u0103 \u00een formatul \u201e5+2\u201d.<\/p>\n<p>Sursa:\u00a0<a href=\"http:\/\/www.infotag.md\/rebelion-ro\/274845\/\">http:\/\/www.infotag.md\/<\/a><\/p>\n","protected":false},"excerpt":{"rendered":"<p>Ministrul de externe al autoproclamatei RMN, Vitalii Ignatiev, s-a \u00eent\u00e2lnit \u00een ajun, la Moscova, cu Ambasadorul cu misiuni speciale al Ministerului Afacerilor Externe al Federa\u021biei Ruse, Serghei Gubarev. \u00cen urma discu\u021biilor care au avut loc \u00een Transnistria \u00een timpul vizitei lui Gubarev la Tiraspol la \u00eenceputul lunii aprilie, p\u0103r\u021bile au continuat s\u0103 discute despre problemele&#8230;<\/p>\n","protected":false},"author":2,"featured_media":0,"comment_status":"closed","ping_status":"open","sticky":false,"template":"","format":"standard","meta":[],"categories":[1],"tags":[],"_links":{"self":[{"href":"https:\/\/centers.ulbsibiu.ro\/ccsprise\/lact\/wp-json\/wp\/v2\/posts\/6200"}],"collection":[{"href":"https:\/\/centers.ulbsibiu.ro\/ccsprise\/lact\/wp-json\/wp\/v2\/posts"}],"about":[{"href":"https:\/\/centers.ulbsibiu.ro\/ccsprise\/lact\/wp-json\/wp\/v2\/types\/post"}],"author":[{"embeddable":true,"href":"https:\/\/centers.ulbsibiu.ro\/ccsprise\/lact\/wp-json\/wp\/v2\/users\/2"}],"replies":[{"embeddable":true,"href":"https:\/\/centers.ulbsibiu.ro\/ccsprise\/lact\/wp-json\/wp\/v2\/comments?post=6200"}],"version-history":[{"count":1,"href":"https:\/\/centers.ulbsibiu.ro\/ccsprise\/lact\/wp-json\/wp\/v2\/posts\/6200\/revisions"}],"predecessor-version":[{"id":6201,"href":"https:\/\/centers.ulbsibiu.ro\/ccsprise\/lact\/wp-json\/wp\/v2\/posts\/6200\/revisions\/6201"}],"wp:attachment":[{"href":"https:\/\/centers.ulbsibiu.ro\/ccsprise\/lact\/wp-json\/wp\/v2\/media?parent=6200"}],"wp:term":[{"taxonomy":"category","embeddable":true,"href":"https:\/\/centers.ulbsibiu.ro\/ccsprise\/lact\/wp-json\/wp\/v2\/categories?post=6200"},{"taxonomy":"post_tag","embeddable":true,"href":"https:\/\/centers.ulbsibiu.ro\/ccsprise\/lact\/wp-json\/wp\/v2\/tags?post=6200"}],"curies":[{"name":"wp","href":"https:\/\/api.w.org\/{rel}","templated":true}]}}