{"id":6198,"date":"2019-04-11T16:02:04","date_gmt":"2019-04-11T14:02:04","guid":{"rendered":"https:\/\/centers.ulbsibiu.ro\/ccsprise\/lact\/?p=6198"},"modified":"2019-04-11T16:02:04","modified_gmt":"2019-04-11T14:02:04","slug":"noi-md-regiunea-transnistreana-introduce-din-1-mai-o-noua-polita-de-asigurare-rca","status":"publish","type":"post","link":"https:\/\/centers.ulbsibiu.ro\/ccsprise\/lact\/noi-md-regiunea-transnistreana-introduce-din-1-mai-o-noua-polita-de-asigurare-rca\/","title":{"rendered":"Noi.md &#8211; Regiunea transnistrean\u0103 introduce, din 1 mai, o nou\u0103 poli\u021b\u0103 de asigurare RCA"},"content":{"rendered":"<p>Regiunea transnistrean\u0103 introduce, din 1 mai, o nou\u0103 poli\u021b\u0103 de asigurare obligatorie de r\u0103spundere civil\u0103 auto intern\u0103 RCA. Poli\u021ba este obligatorie doar pentru \u0219oferii cu numere de \u00eenmatriculare str\u0103ine, \u00een cazul \u00een care nu de\u021bin Carte Verde.<\/p>\n<p>Reprezentantul Biroului pentru reintegrare, Viorel Cern\u0103u\u021beanu, a declarat pentru IPN c\u0103 aceast\u0103 prevedere nu se aplic\u0103 pentru autovehiculele \u00eenmatriculate \u00een statele membre ale CSI. Partea transnistrean\u0103 a f\u0103cut preciz\u0103rile \u00een cauz\u0103 dup\u0103 autosesizarea autorit\u0103\u021bilor de la Chi\u0219in\u0103u \u0219i a Misiunii OSCE.<\/p>\n<p>Respectiv, pentru \u0219oferii cu automobile \u00eenmatriculate \u00een Republica Moldova aceast\u0103 poli\u021b\u0103 nu va fi obligatorie.<\/p>\n<p>Cite\u0219te mai mult: <a href=\"https:\/\/noi.md\/md\/transnistria\/regiunea-transnistreana-introduce-din-1-mai-o-noua-polita-de-asigurare-rca\">https:\/\/noi.md\/md\/transnistria\/regiunea-transnistreana-introduce-din-1-mai-o-noua-polita-de-asigurare-rca<\/a><br \/>\nFacebook: <a href=\"https:\/\/www.facebook.com\/NOI.md\/\">NOI.md<\/a> | Odnoklassniki: <a href=\"https:\/\/www.ok.ru\/noi.moldova\">Noi.Moldova<\/a><\/p>\n","protected":false},"excerpt":{"rendered":"<p>Regiunea transnistrean\u0103 introduce, din 1 mai, o nou\u0103 poli\u021b\u0103 de asigurare obligatorie de r\u0103spundere civil\u0103 auto intern\u0103 RCA. Poli\u021ba este obligatorie doar pentru \u0219oferii cu numere de \u00eenmatriculare str\u0103ine, \u00een cazul \u00een care nu de\u021bin Carte Verde. Reprezentantul Biroului pentru reintegrare, Viorel Cern\u0103u\u021beanu, a declarat pentru IPN c\u0103 aceast\u0103 prevedere nu se aplic\u0103 pentru autovehiculele&#8230;<\/p>\n","protected":false},"author":2,"featured_media":0,"comment_status":"closed","ping_status":"open","sticky":false,"template":"","format":"standard","meta":[],"categories":[1],"tags":[],"_links":{"self":[{"href":"https:\/\/centers.ulbsibiu.ro\/ccsprise\/lact\/wp-json\/wp\/v2\/posts\/6198"}],"collection":[{"href":"https:\/\/centers.ulbsibiu.ro\/ccsprise\/lact\/wp-json\/wp\/v2\/posts"}],"about":[{"href":"https:\/\/centers.ulbsibiu.ro\/ccsprise\/lact\/wp-json\/wp\/v2\/types\/post"}],"author":[{"embeddable":true,"href":"https:\/\/centers.ulbsibiu.ro\/ccsprise\/lact\/wp-json\/wp\/v2\/users\/2"}],"replies":[{"embeddable":true,"href":"https:\/\/centers.ulbsibiu.ro\/ccsprise\/lact\/wp-json\/wp\/v2\/comments?post=6198"}],"version-history":[{"count":1,"href":"https:\/\/centers.ulbsibiu.ro\/ccsprise\/lact\/wp-json\/wp\/v2\/posts\/6198\/revisions"}],"predecessor-version":[{"id":6199,"href":"https:\/\/centers.ulbsibiu.ro\/ccsprise\/lact\/wp-json\/wp\/v2\/posts\/6198\/revisions\/6199"}],"wp:attachment":[{"href":"https:\/\/centers.ulbsibiu.ro\/ccsprise\/lact\/wp-json\/wp\/v2\/media?parent=6198"}],"wp:term":[{"taxonomy":"category","embeddable":true,"href":"https:\/\/centers.ulbsibiu.ro\/ccsprise\/lact\/wp-json\/wp\/v2\/categories?post=6198"},{"taxonomy":"post_tag","embeddable":true,"href":"https:\/\/centers.ulbsibiu.ro\/ccsprise\/lact\/wp-json\/wp\/v2\/tags?post=6198"}],"curies":[{"name":"wp","href":"https:\/\/api.w.org\/{rel}","templated":true}]}}