{"id":6195,"date":"2019-04-10T18:59:44","date_gmt":"2019-04-10T16:59:44","guid":{"rendered":"https:\/\/centers.ulbsibiu.ro\/ccsprise\/lact\/?p=6195"},"modified":"2019-04-11T13:30:45","modified_gmt":"2019-04-11T11:30:45","slug":"infotag-md-transnistria-incepe-pregatirile-pentru-alegerile-din-aul-2020","status":"publish","type":"post","link":"https:\/\/centers.ulbsibiu.ro\/ccsprise\/lact\/infotag-md-transnistria-incepe-pregatirile-pentru-alegerile-din-aul-2020\/","title":{"rendered":"Infotag.md &#8211; TRANSNISTRIA \u00ceNCEPE PREG\u0102TIRILE PENTRU ALEGERILE DIN ANUL 2020"},"content":{"rendered":"<p>Preg\u0103tirile pentru alegerile din 2020 au fost discutate de pre\u0219edinta Comisiei Electorale Centrale a autoproclamatei RMN, Elena Gorode\u0163kaia, la \u00eentrevederea cu liderul transnistrean, Vadim Krasnoselski.<\/p>\n<p>Potrivit agen\u0163iei INFOTAG cu referire la site-ul liderului de la Tiraspol, p\u0103r\u021bile au men\u021bionat c\u0103 anul viitor \u00een Transnistria vor avea loc alegeri parlamentare \u0219i locale ordinare. Locuitorii din regiune \u00ee\u015fi vor putea exercita dreptul de vot pe data de 29 noiembrie.<br \/>\nGorode\u0163kaia a men\u0163ionat c\u0103, \u00een preajma alegerilor, CEC desf\u0103\u015foar\u0103 ac\u0163iuni pentru a digitaliza procesul electoral. Potrivit ei, pe l\u00e2ng\u0103 dotarea tehnic\u0103 a comisiilor electorale, se lucreaz\u0103 \u015fi la simplificarea procedurii de \u00eenaintare a candida\u021bilor.<br \/>\nKrasnoselski a remarcat c\u0103 \u201ebuna organizare a alegerilor depinde \u00een mare m\u0103sur\u0103 de interac\u021biunea constructiv\u0103 a Comisiei Electorale Centrale cu autorit\u0103\u021bile statului care vor fi implicate \u00een acest proces\u201d.<br \/>\n\u201eAlegerile reprezint\u0103 un eveniment politic important pentru orice stat. Sunt ale\u015fi reprezentan\u021bii poporului. Adev\u0103rata democra\u021bie \u00eenseamn\u0103 democra\u021bia prin reprezentan\u021bii ale\u0219i de cet\u0103\u021beni. \u00cen acest proces trebuie asigurat la maximum transparen\u021ba \u0219i accesibilitatea\u201d, a subliniat liderul de la Tiraspol.<\/p>\n<p>Sursa:\u00a0<a href=\"http:\/\/www.infotag.md\/rebelion-ro\/274803\/\">http:\/\/www.infotag.md\/<\/a><\/p>\n","protected":false},"excerpt":{"rendered":"<p>Preg\u0103tirile pentru alegerile din 2020 au fost discutate de pre\u0219edinta Comisiei Electorale Centrale a autoproclamatei RMN, Elena Gorode\u0163kaia, la \u00eentrevederea cu liderul transnistrean, Vadim Krasnoselski. Potrivit agen\u0163iei INFOTAG cu referire la site-ul liderului de la Tiraspol, p\u0103r\u021bile au men\u021bionat c\u0103 anul viitor \u00een Transnistria vor avea loc alegeri parlamentare \u0219i locale ordinare. Locuitorii din regiune&#8230;<\/p>\n","protected":false},"author":2,"featured_media":0,"comment_status":"closed","ping_status":"open","sticky":false,"template":"","format":"standard","meta":[],"categories":[1],"tags":[],"_links":{"self":[{"href":"https:\/\/centers.ulbsibiu.ro\/ccsprise\/lact\/wp-json\/wp\/v2\/posts\/6195"}],"collection":[{"href":"https:\/\/centers.ulbsibiu.ro\/ccsprise\/lact\/wp-json\/wp\/v2\/posts"}],"about":[{"href":"https:\/\/centers.ulbsibiu.ro\/ccsprise\/lact\/wp-json\/wp\/v2\/types\/post"}],"author":[{"embeddable":true,"href":"https:\/\/centers.ulbsibiu.ro\/ccsprise\/lact\/wp-json\/wp\/v2\/users\/2"}],"replies":[{"embeddable":true,"href":"https:\/\/centers.ulbsibiu.ro\/ccsprise\/lact\/wp-json\/wp\/v2\/comments?post=6195"}],"version-history":[{"count":2,"href":"https:\/\/centers.ulbsibiu.ro\/ccsprise\/lact\/wp-json\/wp\/v2\/posts\/6195\/revisions"}],"predecessor-version":[{"id":6197,"href":"https:\/\/centers.ulbsibiu.ro\/ccsprise\/lact\/wp-json\/wp\/v2\/posts\/6195\/revisions\/6197"}],"wp:attachment":[{"href":"https:\/\/centers.ulbsibiu.ro\/ccsprise\/lact\/wp-json\/wp\/v2\/media?parent=6195"}],"wp:term":[{"taxonomy":"category","embeddable":true,"href":"https:\/\/centers.ulbsibiu.ro\/ccsprise\/lact\/wp-json\/wp\/v2\/categories?post=6195"},{"taxonomy":"post_tag","embeddable":true,"href":"https:\/\/centers.ulbsibiu.ro\/ccsprise\/lact\/wp-json\/wp\/v2\/tags?post=6195"}],"curies":[{"name":"wp","href":"https:\/\/api.w.org\/{rel}","templated":true}]}}