{"id":6191,"date":"2019-04-10T18:53:29","date_gmt":"2019-04-10T16:53:29","guid":{"rendered":"https:\/\/centers.ulbsibiu.ro\/ccsprise\/lact\/?p=6191"},"modified":"2019-04-10T18:53:29","modified_gmt":"2019-04-10T16:53:29","slug":"infotag-md-organizatia-necomerciala-a-transnistriei-la-moscova-a-prezentat-bazele-recunoasterii-independentei-rmn","status":"publish","type":"post","link":"https:\/\/centers.ulbsibiu.ro\/ccsprise\/lact\/infotag-md-organizatia-necomerciala-a-transnistriei-la-moscova-a-prezentat-bazele-recunoasterii-independentei-rmn\/","title":{"rendered":"Infotag.md &#8211; \u201eORGANIZA\u0162IA NECOMERCIAL\u0102\u201d A TRANSNISTRIEI LA MOSCOVA A PREZENTAT \u201eBAZELE RECUNOA\u015eTERII INDEPENDEN\u0162EI RMN\u201d"},"content":{"rendered":"<p>\u201eBazele politico-juridice ale recunoa\u015fterii interna\u0163ionale a independen\u0163ei Republicii Moldovene\u015fti Nistrene\u201d \u2013 astfel se nume\u015fte publica\u0163ia prezentat\u0103 \u00een ajun la \u201eReprezentan\u0163a oficial\u0103 a RMN \u00een Federa\u0163ia Rus\u0103\u201d, \u00eenregistrat\u0103 drept organiza\u0163ie necomercial\u0103.<br \/>\nPotrivit agen\u0163iei INFOTAG cu referire la site-ul MAE al regiunii, la eveniment au participat ministrul de externe, Vitalii Ignatiev, \u0219i adjunctul s\u0103u, Ruslan Slobodeniuk, \u0219eful reprezentan\u0163ei, Leonid Manakov, pre\u0219edintele Academiei Slave Interna\u021bionale de \u0218tiin\u021be, Educa\u021bie, Art\u0103 \u0219i Cultur\u0103, Serghei Baburin, pre\u015fedintele Ghildei Avoca\u0163ilor din Rusia, Gasan Mirzoev, pre\u0219edintele Academiei Ruse de avocatur\u0103 \u0219i notariat, Ghenadii Ceremn\u00eeh, reprezentan\u021bi diplomatici din Abhazia, Osetia de Sud \u0219i Nagorno-Karabah, precum \u0219i exper\u021bi \u0219i juri\u015fti ru\u0219i.<br \/>\nPublica\u0163ia \u0219tiin\u021bifico-informa\u0163ional\u0103 a v\u0103zut lumina tiparului anul trecut, \u00een urma unei mese rotunde omonime, a avut loc \u00een Camera Federal\u0103 a Avoca\u021bilor din Federa\u021bia Rus\u0103 la 21 noiembrie 2017. Publica\u0163ia rezum\u0103 rapoartele, opiniile \u0219i expertizele prezentate atunci, precum \u0219i discursurile conducerii Transnistriei.<br \/>\nPotrivit lui Ignatiev, participan\u021bii la prezentare \u201eau discutat \u00een detaliu m\u0103surile practice menite s\u0103 consolideze pozi\u021bia interna\u021bional\u0103 a Transnistriei at\u00e2t \u00een rela\u021biile cu Federa\u021bia Rus\u0103, c\u00e2t \u0219i pe arena mondial\u0103\u201d.<br \/>\n\u201eScopul principal al prezent\u0103rii a fost s\u0103 arate rezultatul activit\u0103\u021bii desf\u0103\u0219urate de Transnistria \u00een domeniul recunoa\u0219terii interna\u021bionale. Aceasta este o publica\u021bie aplicat\u0103, deoarece con\u021bine r\u0103spunsuri la multe \u00eentreb\u0103ri ce \u0163in de baza juridic\u0103 pentru independen\u021ba Transnistriei \u0219i sunt foarte importante \u00een polemicile cu reprezentan\u021bii altor state\u201d, a declarat el jurnali\u015ftilor, subliniind c\u0103, \u00een ultimii ani, \u00een Rusia \u201es-a format o echip\u0103 puternic\u0103 de prieteni ai Transnistriei, din care fac parte politologi, exper\u021bi, juri\u015fti interna\u021bionali \u0219i avoca\u021bi\u201d.<br \/>\nIgnatiev a men\u021bionat c\u0103 \u201eoaspe\u021bii au apreciat \u00eenalt lucrarea preg\u0103tit\u0103 \u0219i \u0219i-au exprimat dorin\u021ba de a colabora mai departe\u201d.<\/p>\n<p>Sursa:\u00a0<a href=\"http:\/\/www.infotag.md\/rebelion-ro\/274780\/\">http:\/\/www.infotag.md\/<\/a><\/p>\n","protected":false},"excerpt":{"rendered":"<p>\u201eBazele politico-juridice ale recunoa\u015fterii interna\u0163ionale a independen\u0163ei Republicii Moldovene\u015fti Nistrene\u201d \u2013 astfel se nume\u015fte publica\u0163ia prezentat\u0103 \u00een ajun la \u201eReprezentan\u0163a oficial\u0103 a RMN \u00een Federa\u0163ia Rus\u0103\u201d, \u00eenregistrat\u0103 drept organiza\u0163ie necomercial\u0103. Potrivit agen\u0163iei INFOTAG cu referire la site-ul MAE al regiunii, la eveniment au participat ministrul de externe, Vitalii Ignatiev, \u0219i adjunctul s\u0103u, Ruslan Slobodeniuk, \u0219eful&#8230;<\/p>\n","protected":false},"author":2,"featured_media":0,"comment_status":"closed","ping_status":"open","sticky":false,"template":"","format":"standard","meta":[],"categories":[1],"tags":[],"_links":{"self":[{"href":"https:\/\/centers.ulbsibiu.ro\/ccsprise\/lact\/wp-json\/wp\/v2\/posts\/6191"}],"collection":[{"href":"https:\/\/centers.ulbsibiu.ro\/ccsprise\/lact\/wp-json\/wp\/v2\/posts"}],"about":[{"href":"https:\/\/centers.ulbsibiu.ro\/ccsprise\/lact\/wp-json\/wp\/v2\/types\/post"}],"author":[{"embeddable":true,"href":"https:\/\/centers.ulbsibiu.ro\/ccsprise\/lact\/wp-json\/wp\/v2\/users\/2"}],"replies":[{"embeddable":true,"href":"https:\/\/centers.ulbsibiu.ro\/ccsprise\/lact\/wp-json\/wp\/v2\/comments?post=6191"}],"version-history":[{"count":1,"href":"https:\/\/centers.ulbsibiu.ro\/ccsprise\/lact\/wp-json\/wp\/v2\/posts\/6191\/revisions"}],"predecessor-version":[{"id":6192,"href":"https:\/\/centers.ulbsibiu.ro\/ccsprise\/lact\/wp-json\/wp\/v2\/posts\/6191\/revisions\/6192"}],"wp:attachment":[{"href":"https:\/\/centers.ulbsibiu.ro\/ccsprise\/lact\/wp-json\/wp\/v2\/media?parent=6191"}],"wp:term":[{"taxonomy":"category","embeddable":true,"href":"https:\/\/centers.ulbsibiu.ro\/ccsprise\/lact\/wp-json\/wp\/v2\/categories?post=6191"},{"taxonomy":"post_tag","embeddable":true,"href":"https:\/\/centers.ulbsibiu.ro\/ccsprise\/lact\/wp-json\/wp\/v2\/tags?post=6191"}],"curies":[{"name":"wp","href":"https:\/\/api.w.org\/{rel}","templated":true}]}}