{"id":6182,"date":"2019-04-08T19:47:48","date_gmt":"2019-04-08T17:47:48","guid":{"rendered":"https:\/\/centers.ulbsibiu.ro\/ccsprise\/lact\/?p=6182"},"modified":"2019-04-08T19:47:48","modified_gmt":"2019-04-08T17:47:48","slug":"infotag-md-expert-transnistrean-tiraspolului-ii-convine-pauza-in-negocieri","status":"publish","type":"post","link":"https:\/\/centers.ulbsibiu.ro\/ccsprise\/lact\/infotag-md-expert-transnistrean-tiraspolului-ii-convine-pauza-in-negocieri\/","title":{"rendered":"Infotag.md &#8211; EXPERT TRANSNISTREAN: TIRASPOLULUI \u00ceI CONVINE PAUZA \u00ceN NEGOCIERI"},"content":{"rendered":"<p>Transnistriei \u00eei convine pauza \u00een negocieri, c\u0103ci scopul final al Moldovei este evacuarea contingentului rus de men\u0163inere a p\u0103cii \u015fi revenirea Tiraspolului sub controlul Chi\u015fin\u0103ului. Potrivit agen\u0163iei INFOTAG, o astfel de opinie a fost exprimat\u0103 de c\u0103tre directorul Institutului pentru cercet\u0103ri socio-politice \u0219i dezvoltare regional\u0103, fostul viceministru de externe al autoproclamatei RMN, Igor \u0218ornikov.<\/p>\n<p>\u201eDinamica pozitiv\u0103 a procesului de negocieri apropie \u00een mod obiectiv momentul \u00een care p\u0103r\u0163ile \u2013 Chi\u0219in\u0103ul \u0219i Tiraspolul \u2013 vor trebui s\u0103 discute problemele politice \u0219i de securitate. Iar \u00een acest \u201eco\u0219\u201d de negocieri se afl\u0103 \u015fi problema statutului politic al Transnistriei, \u0219i soarta prezen\u021bei militare ruse \u00een regiune ca parte a misiunii de men\u021binere a p\u0103cii pe Nistru\u201d, sus\u0163ine el.<br \/>\nExpertul a reamintit c\u0103 \u201eOSCE, care este moderatorul negocierilor, a definit foarte dur scopul formatului \u201e5+2\u201d: elaborarea parametrilor unei reglement\u0103ri atotcuprinz\u0103toare \u00een baza suveranit\u0103\u0163ii \u0219i integrit\u0103\u0163ii teritoriale a Republicii Moldova \u00een limitele grani\u021belor sale recunoscute pe plan interna\u021bional, cu un statut special pentru Transnistria \u00een componen\u0163a Moldovei\u201d.<br \/>\n\u201eAceasta \u00eenseamn\u0103 c\u0103 nu poate fi vorba despre niciun fel de independen\u021b\u0103 a RMN. Prin urmare, \u00een mod obiectiv, orice pauz\u0103 convine acum Transnistriei. \u00cen situa\u021bia actual\u0103, c\u00e2nd, pe de o parte, Tiraspolul simte presiune din partea Kievului, iar pe de alt\u0103 parte \u2013 din partea Chi\u0219in\u0103ului, Bucure\u0219tiului, Bruxellesului \u0219i Washingtonului, iar Rusia nu prea poate ajuta cu ceva, Transnistriei nu-i r\u0103m\u00e2ne dec\u00e2t s\u0103 mai trag\u0103 de timp \u0219i s\u0103 spere la schimbarea situa\u021biei regionale\u201d, a spus \u015eornikov.<br \/>\nPotrivit lui, \u201eTransnistria nu prea are spa\u0163iu de manevr\u0103 \u00een aceast\u0103 situa\u0163ie, deoarece economia sa este extrem de dependent\u0103 de comer\u021bul cu Uniunea European\u0103, Moldova, Ucraina \u0219i orice tentativ\u0103 a Tiraspolului de a ie\u0219i din albia pe care i-a stabilit-o OSCE poate avea consecin\u0163e economice dureroase\u201d.<\/p>\n<p>Sursa:\u00a0<a href=\"http:\/\/www.infotag.md\/rebelion-ro\/274675\/\">http:\/\/www.infotag.md\/<\/a><\/p>\n","protected":false},"excerpt":{"rendered":"<p>Transnistriei \u00eei convine pauza \u00een negocieri, c\u0103ci scopul final al Moldovei este evacuarea contingentului rus de men\u0163inere a p\u0103cii \u015fi revenirea Tiraspolului sub controlul Chi\u015fin\u0103ului. Potrivit agen\u0163iei INFOTAG, o astfel de opinie a fost exprimat\u0103 de c\u0103tre directorul Institutului pentru cercet\u0103ri socio-politice \u0219i dezvoltare regional\u0103, fostul viceministru de externe al autoproclamatei RMN, Igor \u0218ornikov. \u201eDinamica&#8230;<\/p>\n","protected":false},"author":2,"featured_media":0,"comment_status":"closed","ping_status":"open","sticky":false,"template":"","format":"standard","meta":[],"categories":[1],"tags":[],"_links":{"self":[{"href":"https:\/\/centers.ulbsibiu.ro\/ccsprise\/lact\/wp-json\/wp\/v2\/posts\/6182"}],"collection":[{"href":"https:\/\/centers.ulbsibiu.ro\/ccsprise\/lact\/wp-json\/wp\/v2\/posts"}],"about":[{"href":"https:\/\/centers.ulbsibiu.ro\/ccsprise\/lact\/wp-json\/wp\/v2\/types\/post"}],"author":[{"embeddable":true,"href":"https:\/\/centers.ulbsibiu.ro\/ccsprise\/lact\/wp-json\/wp\/v2\/users\/2"}],"replies":[{"embeddable":true,"href":"https:\/\/centers.ulbsibiu.ro\/ccsprise\/lact\/wp-json\/wp\/v2\/comments?post=6182"}],"version-history":[{"count":1,"href":"https:\/\/centers.ulbsibiu.ro\/ccsprise\/lact\/wp-json\/wp\/v2\/posts\/6182\/revisions"}],"predecessor-version":[{"id":6183,"href":"https:\/\/centers.ulbsibiu.ro\/ccsprise\/lact\/wp-json\/wp\/v2\/posts\/6182\/revisions\/6183"}],"wp:attachment":[{"href":"https:\/\/centers.ulbsibiu.ro\/ccsprise\/lact\/wp-json\/wp\/v2\/media?parent=6182"}],"wp:term":[{"taxonomy":"category","embeddable":true,"href":"https:\/\/centers.ulbsibiu.ro\/ccsprise\/lact\/wp-json\/wp\/v2\/categories?post=6182"},{"taxonomy":"post_tag","embeddable":true,"href":"https:\/\/centers.ulbsibiu.ro\/ccsprise\/lact\/wp-json\/wp\/v2\/tags?post=6182"}],"curies":[{"name":"wp","href":"https:\/\/api.w.org\/{rel}","templated":true}]}}