{"id":6180,"date":"2019-04-08T19:45:56","date_gmt":"2019-04-08T17:45:56","guid":{"rendered":"https:\/\/centers.ulbsibiu.ro\/ccsprise\/lact\/?p=6180"},"modified":"2019-04-08T19:45:56","modified_gmt":"2019-04-08T17:45:56","slug":"noi-md-transnistria-va-continua-sa-recunoasca-politele-de-asigurare-rca-emise-in-moldova","status":"publish","type":"post","link":"https:\/\/centers.ulbsibiu.ro\/ccsprise\/lact\/noi-md-transnistria-va-continua-sa-recunoasca-politele-de-asigurare-rca-emise-in-moldova\/","title":{"rendered":"Noi.md &#8211; Transnistria va continua s\u0103 recunoasc\u0103 poli\u021bele de asigurare RCA emise \u00een Moldova"},"content":{"rendered":"<p>Obliga\u021bia de a achizi\u021biona poli\u021ba de asigurare RCA a Transnistriei nu se aplic\u0103 proprietarilor de autovehicule \u00eenmatriculate \u00een Republica Moldova, a c\u0103ror r\u0103spundere este asigurat\u0103 \u00een mod corespunz\u0103tor de societ\u0103\u021bile de asigurare din Moldova.<\/p>\n<p>Potrivit presei transnistrene, despre acest lucru a declarat Ministerul Afacerilor Externe al Republicii Moldovene\u0219ti Nistrene, coment\u00eend interpret\u0103rile unor mass-media cu privire la amendamentele la Legea &#8220;Cu privire la asigurarea obligatorie de r\u0103spundere civil\u0103 auto&#8221;.<\/p>\n<p>Ministerul a explicat c\u0103 pentru reziden\u021bii moldoveni este prev\u0103zut un regim special de recunoa\u0219tere reciproc\u0103 a poli\u021belor de asigurare RCA, \u00een conformitate cu Decizia de protocol &#8220;privind mecanismul de cooperare a subiec\u021bilor de asigur\u0103ri din Moldova \u0219i Transnistria \u00een cadrul acordurilor RCA&#8221; din 10 aprilie 2015 \u0219i semnat de Cadrul de dezvoltare pentru cooperarea subiec\u021bilor de asigur\u0103ri.<\/p>\n<p>&#8220;Partea transnistrean\u0103 \u00ee\u0219i \u00eendepline\u0219te con\u0219tiincios propriile obliga\u021biuni prev\u0103zute de aceste acorduri \u0219i se bazeaz\u0103 pe prevenirea \u00eenc\u0103lc\u0103rilor de c\u0103tre structurile de profil ale Republicii Moldova&#8221;, a afirmat \u00eentr-un comentariu Ministerul de Externe al Transnistriei.<\/p>\n<p>De asemenea, legea men\u021bionat\u0103 nu se aplic\u0103 proprietarilor de vehicule \u00eenmatriculate \u00een str\u0103in\u0103tate care de\u021bin o poli\u021b\u0103 valabil\u0103 de asigurare interna\u021bional\u0103 Carte Verde cu o acoperire care include \u0219i Transnistria.<\/p>\n<p>Cite\u0219te mai mult: <a href=\"https:\/\/noi.md\/md\/transnistria\/transnistria-va-continua-sa-recunoasca-politele-de-asigurare-rca-emise-in-moldova?fbclid=IwAR1B3uhTY697yl0funWe2cP1z8vfS-E9AyhiDugQUHw0FQMzDb93ddYIplM\">https:\/\/noi.md\/md\/transnistria\/transnistria-va-continua-sa-recunoasca-politele-de-asigurare-rca-emise-in-moldova?fbclid=IwAR1B3uhTY697yl0funWe2cP1z8vfS-E9AyhiDugQUHw0FQMzDb93ddYIplM<\/a><br \/>\nFacebook: <a href=\"https:\/\/www.facebook.com\/NOI.md\/\">NOI.md<\/a> | Odnoklassniki: <a href=\"https:\/\/www.ok.ru\/noi.moldova\">Noi.Moldova<\/a><\/p>\n","protected":false},"excerpt":{"rendered":"<p>Obliga\u021bia de a achizi\u021biona poli\u021ba de asigurare RCA a Transnistriei nu se aplic\u0103 proprietarilor de autovehicule \u00eenmatriculate \u00een Republica Moldova, a c\u0103ror r\u0103spundere este asigurat\u0103 \u00een mod corespunz\u0103tor de societ\u0103\u021bile de asigurare din Moldova. Potrivit presei transnistrene, despre acest lucru a declarat Ministerul Afacerilor Externe al Republicii Moldovene\u0219ti Nistrene, coment\u00eend interpret\u0103rile unor mass-media cu privire&#8230;<\/p>\n","protected":false},"author":2,"featured_media":0,"comment_status":"closed","ping_status":"open","sticky":false,"template":"","format":"standard","meta":[],"categories":[1],"tags":[],"_links":{"self":[{"href":"https:\/\/centers.ulbsibiu.ro\/ccsprise\/lact\/wp-json\/wp\/v2\/posts\/6180"}],"collection":[{"href":"https:\/\/centers.ulbsibiu.ro\/ccsprise\/lact\/wp-json\/wp\/v2\/posts"}],"about":[{"href":"https:\/\/centers.ulbsibiu.ro\/ccsprise\/lact\/wp-json\/wp\/v2\/types\/post"}],"author":[{"embeddable":true,"href":"https:\/\/centers.ulbsibiu.ro\/ccsprise\/lact\/wp-json\/wp\/v2\/users\/2"}],"replies":[{"embeddable":true,"href":"https:\/\/centers.ulbsibiu.ro\/ccsprise\/lact\/wp-json\/wp\/v2\/comments?post=6180"}],"version-history":[{"count":1,"href":"https:\/\/centers.ulbsibiu.ro\/ccsprise\/lact\/wp-json\/wp\/v2\/posts\/6180\/revisions"}],"predecessor-version":[{"id":6181,"href":"https:\/\/centers.ulbsibiu.ro\/ccsprise\/lact\/wp-json\/wp\/v2\/posts\/6180\/revisions\/6181"}],"wp:attachment":[{"href":"https:\/\/centers.ulbsibiu.ro\/ccsprise\/lact\/wp-json\/wp\/v2\/media?parent=6180"}],"wp:term":[{"taxonomy":"category","embeddable":true,"href":"https:\/\/centers.ulbsibiu.ro\/ccsprise\/lact\/wp-json\/wp\/v2\/categories?post=6180"},{"taxonomy":"post_tag","embeddable":true,"href":"https:\/\/centers.ulbsibiu.ro\/ccsprise\/lact\/wp-json\/wp\/v2\/tags?post=6180"}],"curies":[{"name":"wp","href":"https:\/\/api.w.org\/{rel}","templated":true}]}}