{"id":6178,"date":"2019-04-08T19:41:06","date_gmt":"2019-04-08T17:41:06","guid":{"rendered":"https:\/\/centers.ulbsibiu.ro\/ccsprise\/lact\/?p=6178"},"modified":"2019-04-08T19:41:06","modified_gmt":"2019-04-08T17:41:06","slug":"infotag-md-un-deputat-democrat-insista-pe-reluarea-dialogului-interparlamentar-intre-moldova-si-transnistria","status":"publish","type":"post","link":"https:\/\/centers.ulbsibiu.ro\/ccsprise\/lact\/infotag-md-un-deputat-democrat-insista-pe-reluarea-dialogului-interparlamentar-intre-moldova-si-transnistria\/","title":{"rendered":"Infotag.md &#8211; UN DEPUTAT DEMOCRAT INSIST\u0102 PE RELUAREA DIALOGULUI INTERPARLAMENTAR \u00ceNTRE MOLDOVA \u015eI TRANSNISTRIA"},"content":{"rendered":"<p>Pre\u015fedintele de onoare al Partidului Democrat, deputatul Dumitru Diacov, insist\u0103 pe necesitatea \u201erelu\u0103rii dialogului interparlamentar \u00eentre Moldova \u015fi Transnistria\u201d.<br \/>\nPotrivit agen\u0163iei INFOTAG, vineri, \u00een cadrul conferin\u021bei anuale a programului \u201eDialoguri transnistrene\u201d, el a men\u021bionat c\u0103 o asemenea practic\u0103 se folosea la sf\u00e2r\u015fitul anilor \u201990, dar a \u00eencetat \u201eodat\u0103 cu venirea lui Vladimir Voronin la guvernare, care a decis s\u0103-\u015fi asume problema reglement\u0103rii\u201d.<\/p>\n<p>\u201eAcum dialogul interparlamentar are un caracter prea neoficial. Dar cred c\u0103 puterea executiv\u0103 are nevoie de sus\u0163inerea organului legislativ. Parlamentul va putea crea un mediu pozitiv confortabil pentru discu\u021bii, at\u00e2t de necesar \u00een procesul de negocieri\u201d, a spus Diacov.<\/p>\n<p>Potrivit lui, \u201e\u00een timpul mandatului Parlamentului precedent, el a abordat \u00een mod repetat problema cre\u0103rii unui grup aparte de negocieri cu reprezentan\u021bii din st\u00e2nga Nistrului, dar nu a g\u0103sit sus\u0163inere\u201d.<\/p>\n<p>\u201eSper c\u0103 \u00een cur\u00e2nd noul Parlament va reu\u015fi s\u0103 devin\u0103 func\u0163ional \u0219i s\u0103 analizeze aceast\u0103 problem\u0103\u201d, a spus democratul, men\u0163ion\u00e2nd c\u0103 problema transnistrean\u0103 \u201eserve\u0219te drept obstacol \u00een calea \u00eenaint\u0103rii Moldovei spre Europa \u0219i \u00een transformarea republici \u00eentr-o insul\u0103 de stabilitate\u201d.<\/p>\n<p>\u201eTrebuie s\u0103 \u00een\u021belegem c\u0103 problema nu poate fi rezolvat\u0103 \u00een dou\u0103 zile, inclusiv \u021bin\u00e2nd cont de specificul regiunii: Moldova se afl\u0103 la grani\u021ba Europei \u0219i la intersec\u021bia intereselor diferitelor for\u021be politice externe. Cu toate acestea, \u00een procesul de negocieri, rolul principal trebuie s\u0103 fie jucat anume de cele dou\u0103 p\u0103r\u021bi \u2013 Moldova \u0219i Transnistria, iar ceilal\u021bi participan\u021bi la format trebuie doar s\u0103 sus\u021bin\u0103 discu\u021bia. \u00cens\u0103, deocamdat\u0103, se pare c\u0103 ambele p\u0103r\u021bi au decis c\u0103 lucrurile se vor rezolva de la sine. Aceasta este o abordare gre\u0219it\u0103. Da, conflictul nu poate fi rezolvat rapid, dar deja acum noi putem pune c\u0103r\u0103mida proprie \u00een construc\u021bia casei comune\u201d, a spus Diacov.<\/p>\n<p>Deputatul PRSM, Vladimir \u021aurcan, a spus c\u0103 \u00een procesul de reglementare p\u0103r\u021bile \u201edevin ostatecii conceptelor de autonomie extins\u0103, federalizare, \u00een func\u021bie de care sunt numi\u0163i apoi mancurt, tr\u0103d\u0103tor sau patriot\u201d.<\/p>\n<p>\u201eDin acest motiv, \u00een procesul de reglementare vine sentimentul unui d\u00e9j\u00e0 vu. Situa\u021bia aproape c\u0103 nu s-a schimbat, cu excep\u021bia unor progrese. Schimb\u0103rile necesit\u0103 o abordare complex\u0103, \u021bin\u00e2nd seama de to\u021bi factorii interni \u0219i externi\u201d, a declarat \u0162urcan.<\/p>\n<p>El a men\u021bionat c\u0103 \u00een cadrul Conferin\u021bei de Securitate de la Munchen, Igor Dodon a propus un concept \u201ecare s\u0103 \u021bin\u0103 cont at\u00e2t de situa\u021bia geopolitic\u0103, c\u00e2t \u0219i de interesele na\u021bionale\u201d.<\/p>\n<p>\u201ePartenerii externi studiaz\u0103 deja acest format \u0219i cred c\u0103 ar trebui s\u0103 \u00eencepem s\u0103-l analiz\u0103m \u015fi \u00een Moldova\u201d, a spus socialistul.<\/p>\n<p>\u00cen acela\u0219i timp, ambii deputa\u0163i au recunoscut c\u0103 aceasta este pozi\u021bia lor personal\u0103, dar nu a partidelor din care fac parte.<\/p>\n<p>Sursa:\u00a0<a href=\"http:\/\/www.infotag.md\/politics-ro\/274621\/\">http:\/\/www.infotag.md\/<\/a><\/p>\n","protected":false},"excerpt":{"rendered":"<p>Pre\u015fedintele de onoare al Partidului Democrat, deputatul Dumitru Diacov, insist\u0103 pe necesitatea \u201erelu\u0103rii dialogului interparlamentar \u00eentre Moldova \u015fi Transnistria\u201d. Potrivit agen\u0163iei INFOTAG, vineri, \u00een cadrul conferin\u021bei anuale a programului \u201eDialoguri transnistrene\u201d, el a men\u021bionat c\u0103 o asemenea practic\u0103 se folosea la sf\u00e2r\u015fitul anilor \u201990, dar a \u00eencetat \u201eodat\u0103 cu venirea lui Vladimir Voronin la guvernare,&#8230;<\/p>\n","protected":false},"author":2,"featured_media":0,"comment_status":"closed","ping_status":"open","sticky":false,"template":"","format":"standard","meta":[],"categories":[1],"tags":[],"_links":{"self":[{"href":"https:\/\/centers.ulbsibiu.ro\/ccsprise\/lact\/wp-json\/wp\/v2\/posts\/6178"}],"collection":[{"href":"https:\/\/centers.ulbsibiu.ro\/ccsprise\/lact\/wp-json\/wp\/v2\/posts"}],"about":[{"href":"https:\/\/centers.ulbsibiu.ro\/ccsprise\/lact\/wp-json\/wp\/v2\/types\/post"}],"author":[{"embeddable":true,"href":"https:\/\/centers.ulbsibiu.ro\/ccsprise\/lact\/wp-json\/wp\/v2\/users\/2"}],"replies":[{"embeddable":true,"href":"https:\/\/centers.ulbsibiu.ro\/ccsprise\/lact\/wp-json\/wp\/v2\/comments?post=6178"}],"version-history":[{"count":1,"href":"https:\/\/centers.ulbsibiu.ro\/ccsprise\/lact\/wp-json\/wp\/v2\/posts\/6178\/revisions"}],"predecessor-version":[{"id":6179,"href":"https:\/\/centers.ulbsibiu.ro\/ccsprise\/lact\/wp-json\/wp\/v2\/posts\/6178\/revisions\/6179"}],"wp:attachment":[{"href":"https:\/\/centers.ulbsibiu.ro\/ccsprise\/lact\/wp-json\/wp\/v2\/media?parent=6178"}],"wp:term":[{"taxonomy":"category","embeddable":true,"href":"https:\/\/centers.ulbsibiu.ro\/ccsprise\/lact\/wp-json\/wp\/v2\/categories?post=6178"},{"taxonomy":"post_tag","embeddable":true,"href":"https:\/\/centers.ulbsibiu.ro\/ccsprise\/lact\/wp-json\/wp\/v2\/tags?post=6178"}],"curies":[{"name":"wp","href":"https:\/\/api.w.org\/{rel}","templated":true}]}}